{"id":13450,"date":"2014-09-09T23:36:41","date_gmt":"2014-09-09T21:36:41","guid":{"rendered":"https:\/\/uruloki.org\/felipeblog\/?p=13450"},"modified":"2014-09-10T00:39:24","modified_gmt":"2014-09-09T22:39:24","slug":"es-posible-que-warner-bros-apueste-por-la-legion-de-superheroes-como-revulsivo-contra-los-guardianes-de-la-galaxia-la-adaptacin-de-predicador-se-pone-en-ma","status":"publish","type":"post","link":"https:\/\/www.uruloki.org\/felipeblog\/cine-de-ciencia-ficcion\/es-posible-que-warner-bros-apueste-por-la-legion-de-superheroes-como-revulsivo-contra-los-guardianes-de-la-galaxia-la-adaptacin-de-predicador-se-pone-en-ma","title":{"rendered":"&iquest;Es posible que Warner Bros. apueste por La Legi&oacute;n de Superh&eacute;roes como revulsivo contra los Guardianes de la Galaxia?, la adaptaci&oacute;n de &quot;Predicador&quot; se pone en marcha (su escritura) y si sumamos Roland Emmerich m&aacute;s Keanu Reeves sale una serie de televisi&oacute;n llamada &quot;New Angeles&quot;&#8230;"},"content":{"rendered":"<p>La verdad, con esto de que hoy se presentaba el iPhone 6, el Apple Watch y toda la pesca esta de la keynote pues Hollywood se ha medio amedrentado  y est&aacute; todo particularmente tranquilito.<\/p>\n<p>Una de la cosas m&aacute;s interesantes de la jornada, adem&aacute;s del nuevo listado de pel&iacute;culas que veremos en Sitges 2014, es el rumor aparecido en Latino Review, d&oacute;nde si no, en el que se afirma que <a href=\"http:\/\/www.latino-review.com\/news\/hot-rumor-dc-puts-legion-of-superheroes-into-active-development\" target=\"_blank\"><strong>Warner Bros.<\/strong> ha puesto sus ojos sobre un posible film de la <strong>Legi&oacute;n de Superh&eacute;roes<\/strong><\/a>. Dicen en la web que esta es la respuesta de <strong>Warner<\/strong> al pelotazo taquillero y mucho m&aacute;s que ha sido <strong>Guardianes de la Galaxia<\/strong> (<em>Guardians of the Galaxy<\/em>, 2014). Se dice que el proyecto ha sido enviado a guionistas para que comiencen a trabajar y generar algo de cara a una futura producci&oacute;n. El c&oacute;mic fue creado por <strong>Otto Binder<\/strong>, escritor, y <strong>Al Pastino<\/strong>, dibujante, en abril de 1958 y nos presentaba a un equipo de superh&eacute;roes en los siglos XXX y XXXI&#8230; vamos, el futuro m&aacute;s lejano posible. La lista de miembros es interminable: <strong>Cosmic Boy<\/strong>, <strong>Saturn Girl<\/strong> y <strong>Lightning Lad<\/strong> como fundadores, <strong>Superboy<\/strong>, <strong>Brainiac 5<\/strong> y un mill&oacute;n y medio m&aacute;s de boys, girls, lads, kings, kids o queens a los que agregar palabras como <strong>Colosal<\/strong>, <strong>Ultra<\/strong>, <strong>Phantom<\/strong>, <strong>Chemical<\/strong>, <strong>Dream<\/strong>, <strong>Earth<\/strong>, <strong>Element<\/strong>, <strong>Solar<\/strong>, <strong>Ultra<\/strong>, etc. Llega con hacer una combinaci&oacute;n como <strong>Chemical King<\/strong> y seguro que existi&oacute;. Pues eso, veremos cu&aacute;nta verdad hay de esto.<\/p>\n<p class=\"centrado\"><img loading=\"lazy\" decoding=\"async\" src=\"https:\/\/uruloki.org\/felipeblog\/images2014-1\/20140909-legion.jpg\" alt=\"&iquest;La Legi&oacute;n de Superh&eacute;roes al cine? Todo es posible hasta que explote\" width=\"625\" height=\"404\" \/><br \/>  <em>&iquest;La Legi&oacute;n de Superh&eacute;roes al cine? Todo es posible hasta que explote<\/em><\/p>\n<p>Tenemos tambi&eacute;n a <strong>Evan Goldberg<\/strong> y <strong>Seth Rogen<\/strong> anunciando v&iacute;a Twitter que el gui&oacute;n de la adaptaci&oacute;n de <strong>&quot;Predicador&quot;<\/strong> para la televisi&oacute;n se ha puesto en marcha, lo que en principio es bueno. Se ve adem&aacute;s que se han reunido con <strong>Garth Ennis<\/strong> y que este les ha dado notas para el desarrollo, lo que significa que el creador participa, lo que definitivamente  es buen&iacute;simo.<\/p>\n<div class=\"twittercentrado\">\n<blockquote class=\"twitter-tweet\" lang=\"es\">\n<p>For the nerds: \u201c<a href=\"https:\/\/twitter.com\/evandgoldberg\" target=\"_blank\">@evandgoldberg<\/a>: UPDATE: We have started writing a script. We met with Garth. He gave us great notes. PREACHER!!!!!!!\u201d<\/p>\n<p>&mdash; Seth Rogen (@Sethrogen) <a href=\"https:\/\/twitter.com\/Sethrogen\/status\/508630008026656768\" target=\"_blank\">septiembre 7, 2014<\/a><\/p><\/blockquote>\n<p><script async src=\"\/\/platform.twitter.com\/widgets.js\" charset=\"utf-8\" type=\"text\/javascript\"><\/script><\/div>\n<p>Para terminar comentar que <a href=\"http:\/\/deadline.com\/2014\/09\/roland-emmerich-keanu-reeves-new-angeles-virtual-reality-drama-series-slingshot-global-media-831644\/\" target=\"_blank\"><strong>Roland Emmerich<\/strong> y <strong>Keanu Reeves<\/strong> unen fuerzas en una serie de ciencia ficci&oacute;n titulada <strong>&quot;New Angeles&quot;<\/strong> (&iquest;?)<\/a>. Con <strong>Emmerich<\/strong> dirigiendo el piloto, que ser&aacute; preparado para <strong>Slingshot Global Media<\/strong> y de ah&iacute; al canal que la quiera comprar, la nueva posible serie nos llevar&aacute;n al futuro con un joven que escapa de la mundana realidad en la que vive para adentrarse en un mundo de realidad virtual llamado <strong>New Angeles<\/strong>. Dentro de este mundo adoptar&aacute; una nueva identidad llegando a ser el hombre que siempre estuvo destinado a ser, pero antes deber&aacute; ir destapando los diferentes misterios que por otro lado tendr&aacute; consecuencias en el mundo real en el que vive. Igual tenemos a <strong>Keanu<\/strong> haciendo del hombre del mundo virtual&#8230; a la <strong>Matrix<\/strong>.<\/p>\n","protected":false},"excerpt":{"rendered":"<p>La verdad, con esto de que hoy se presentaba el iPhone 6, el Apple Watch y toda la pesca esta de la keynote pues Hollywood se ha medio amedrentado y est&aacute; todo particularmente tranquilito. Una de la cosas m&aacute;s interesantes de la jornada, adem&aacute;s del nuevo listado de pel&iacute;culas que veremos en Sitges 2014, es [&hellip;]<\/p>\n","protected":false},"author":28,"featured_media":0,"comment_status":"open","ping_status":"open","sticky":false,"template":"","format":"standard","meta":{"footnotes":""},"categories":[10,8,9],"tags":[3134,3133,685],"class_list":["post-13450","post","type-post","status-publish","format-standard","hentry","category-cine-de-comics","category-cine-de-ciencia-ficcion","category-cine-de-terror","tag-legion-of-superheroes","tag-new-angeles","tag-preacher"],"yoast_head":"<!-- This site is optimized with the Yoast SEO plugin v24.3 - https:\/\/yoast.com\/wordpress\/plugins\/seo\/ -->\n<title>\u00bfEs posible que Warner Bros. apueste por La Legi\u00f3n de Superh\u00e9roes?<\/title>\n<meta name=\"description\" content=\"Una de la cosas m\u00e1s curiosas de la jornada es el rumor aparecido en LR en el que se afirma que Warner desea un film de la Legi\u00f3n de Superh\u00e9roes. \u00bfPosible o no?\" \/>\n<meta name=\"robots\" content=\"index, follow, max-snippet:-1, max-image-preview:large, max-video-preview:-1\" \/>\n<link rel=\"canonical\" href=\"https:\/\/www.uruloki.org\/felipeblog\/cine-de-ciencia-ficcion\/es-posible-que-warner-bros-apueste-por-la-legion-de-superheroes-como-revulsivo-contra-los-guardianes-de-la-galaxia-la-adaptacin-de-predicador-se-pone-en-ma\" \/>\n<meta property=\"og:locale\" content=\"es_ES\" \/>\n<meta property=\"og:type\" content=\"article\" \/>\n<meta property=\"og:title\" content=\"\u00bfEs posible que Warner Bros. apueste por La Legi\u00f3n de Superh\u00e9roes?\" \/>\n<meta property=\"og:description\" content=\"Una de la cosas m\u00e1s curiosas de la jornada es el rumor aparecido en LR en el que se afirma que Warner desea un film de la Legi\u00f3n de Superh\u00e9roes. \u00bfPosible o no?\" \/>\n<meta property=\"og:url\" content=\"https:\/\/www.uruloki.org\/felipeblog\/cine-de-ciencia-ficcion\/es-posible-que-warner-bros-apueste-por-la-legion-de-superheroes-como-revulsivo-contra-los-guardianes-de-la-galaxia-la-adaptacin-de-predicador-se-pone-en-ma\" \/>\n<meta property=\"og:site_name\" content=\"Uruloki :: Blog\" \/>\n<meta property=\"article:publisher\" content=\"https:\/\/www.facebook.com\/uruloki.org\" \/>\n<meta property=\"article:published_time\" content=\"2014-09-09T21:36:41+00:00\" \/>\n<meta property=\"article:modified_time\" content=\"2014-09-09T22:39:24+00:00\" \/>\n<meta property=\"og:image\" content=\"https:\/\/uruloki.org\/felipeblog\/images2014-1\/20140909-legion.jpg\" \/>\n<meta name=\"author\" content=\"Uruloki\" \/>\n<meta name=\"twitter:card\" content=\"summary_large_image\" \/>\n<meta name=\"twitter:creator\" content=\"@uruloki\" \/>\n<meta name=\"twitter:site\" content=\"@uruloki\" \/>\n<meta name=\"twitter:label1\" content=\"Escrito por\" \/>\n\t<meta name=\"twitter:data1\" content=\"Uruloki\" \/>\n\t<meta name=\"twitter:label2\" content=\"Tiempo de lectura\" \/>\n\t<meta name=\"twitter:data2\" content=\"3 minutos\" \/>\n<script type=\"application\/ld+json\" class=\"yoast-schema-graph\">{\"@context\":\"https:\/\/schema.org\",\"@graph\":[{\"@type\":\"WebPage\",\"@id\":\"https:\/\/www.uruloki.org\/felipeblog\/cine-de-ciencia-ficcion\/es-posible-que-warner-bros-apueste-por-la-legion-de-superheroes-como-revulsivo-contra-los-guardianes-de-la-galaxia-la-adaptacin-de-predicador-se-pone-en-ma\",\"url\":\"https:\/\/www.uruloki.org\/felipeblog\/cine-de-ciencia-ficcion\/es-posible-que-warner-bros-apueste-por-la-legion-de-superheroes-como-revulsivo-contra-los-guardianes-de-la-galaxia-la-adaptacin-de-predicador-se-pone-en-ma\",\"name\":\"\u00bfEs posible que Warner Bros. apueste por La Legi\u00f3n de Superh\u00e9roes?\",\"isPartOf\":{\"@id\":\"https:\/\/www.uruloki.org\/felipeblog\/#website\"},\"primaryImageOfPage\":{\"@id\":\"https:\/\/www.uruloki.org\/felipeblog\/cine-de-ciencia-ficcion\/es-posible-que-warner-bros-apueste-por-la-legion-de-superheroes-como-revulsivo-contra-los-guardianes-de-la-galaxia-la-adaptacin-de-predicador-se-pone-en-ma#primaryimage\"},\"image\":{\"@id\":\"https:\/\/www.uruloki.org\/felipeblog\/cine-de-ciencia-ficcion\/es-posible-que-warner-bros-apueste-por-la-legion-de-superheroes-como-revulsivo-contra-los-guardianes-de-la-galaxia-la-adaptacin-de-predicador-se-pone-en-ma#primaryimage\"},\"thumbnailUrl\":\"https:\/\/uruloki.org\/felipeblog\/images2014-1\/20140909-legion.jpg\",\"datePublished\":\"2014-09-09T21:36:41+00:00\",\"dateModified\":\"2014-09-09T22:39:24+00:00\",\"author\":{\"@id\":\"https:\/\/www.uruloki.org\/felipeblog\/#\/schema\/person\/ddba06ddaa27edf0c370460d05c51bb3\"},\"description\":\"Una de la cosas m\u00e1s curiosas de la jornada es el rumor aparecido en LR en el que se afirma que Warner desea un film de la Legi\u00f3n de Superh\u00e9roes. \u00bfPosible o no?\",\"breadcrumb\":{\"@id\":\"https:\/\/www.uruloki.org\/felipeblog\/cine-de-ciencia-ficcion\/es-posible-que-warner-bros-apueste-por-la-legion-de-superheroes-como-revulsivo-contra-los-guardianes-de-la-galaxia-la-adaptacin-de-predicador-se-pone-en-ma#breadcrumb\"},\"inLanguage\":\"es\",\"potentialAction\":[{\"@type\":\"ReadAction\",\"target\":[\"https:\/\/www.uruloki.org\/felipeblog\/cine-de-ciencia-ficcion\/es-posible-que-warner-bros-apueste-por-la-legion-de-superheroes-como-revulsivo-contra-los-guardianes-de-la-galaxia-la-adaptacin-de-predicador-se-pone-en-ma\"]}]},{\"@type\":\"ImageObject\",\"inLanguage\":\"es\",\"@id\":\"https:\/\/www.uruloki.org\/felipeblog\/cine-de-ciencia-ficcion\/es-posible-que-warner-bros-apueste-por-la-legion-de-superheroes-como-revulsivo-contra-los-guardianes-de-la-galaxia-la-adaptacin-de-predicador-se-pone-en-ma#primaryimage\",\"url\":\"https:\/\/uruloki.org\/felipeblog\/images2014-1\/20140909-legion.jpg\",\"contentUrl\":\"https:\/\/uruloki.org\/felipeblog\/images2014-1\/20140909-legion.jpg\"},{\"@type\":\"BreadcrumbList\",\"@id\":\"https:\/\/www.uruloki.org\/felipeblog\/cine-de-ciencia-ficcion\/es-posible-que-warner-bros-apueste-por-la-legion-de-superheroes-como-revulsivo-contra-los-guardianes-de-la-galaxia-la-adaptacin-de-predicador-se-pone-en-ma#breadcrumb\",\"itemListElement\":[{\"@type\":\"ListItem\",\"position\":1,\"name\":\"Portada\",\"item\":\"https:\/\/www.uruloki.org\/felipeblog\"},{\"@type\":\"ListItem\",\"position\":2,\"name\":\"&iquest;Es posible que Warner Bros. apueste por La Legi&oacute;n de Superh&eacute;roes como revulsivo contra los Guardianes de la Galaxia?, la adaptaci&oacute;n de &quot;Predicador&quot; se pone en marcha (su escritura) y si sumamos Roland Emmerich m&aacute;s Keanu Reeves sale una serie de televisi&oacute;n llamada &quot;New Angeles&quot;&#8230;\"}]},{\"@type\":\"WebSite\",\"@id\":\"https:\/\/www.uruloki.org\/felipeblog\/#website\",\"url\":\"https:\/\/www.uruloki.org\/felipeblog\/\",\"name\":\"Uruloki :: Blog\",\"description\":\"Blog de cine, terror, ciencia ficci\u00f3n, fantas\u00eda y c\u00f3mics\",\"potentialAction\":[{\"@type\":\"SearchAction\",\"target\":{\"@type\":\"EntryPoint\",\"urlTemplate\":\"https:\/\/www.uruloki.org\/felipeblog\/?s={search_term_string}\"},\"query-input\":{\"@type\":\"PropertyValueSpecification\",\"valueRequired\":true,\"valueName\":\"search_term_string\"}}],\"inLanguage\":\"es\"},{\"@type\":\"Person\",\"@id\":\"https:\/\/www.uruloki.org\/felipeblog\/#\/schema\/person\/ddba06ddaa27edf0c370460d05c51bb3\",\"name\":\"Uruloki\",\"image\":{\"@type\":\"ImageObject\",\"inLanguage\":\"es\",\"@id\":\"https:\/\/www.uruloki.org\/felipeblog\/#\/schema\/person\/image\/\",\"url\":\"https:\/\/secure.gravatar.com\/avatar\/68d5301c5f52ba88fd63f02c75b8c4d1b3c3fc4b21e2998a1e98c4b3a54d9f7c?s=96&d=mm&r=g\",\"contentUrl\":\"https:\/\/secure.gravatar.com\/avatar\/68d5301c5f52ba88fd63f02c75b8c4d1b3c3fc4b21e2998a1e98c4b3a54d9f7c?s=96&d=mm&r=g\",\"caption\":\"Uruloki\"},\"sameAs\":[\"https:\/\/uruloki.org\"],\"url\":\"https:\/\/www.uruloki.org\/felipeblog\/author\/admin-2-2-2\"}]}<\/script>\n<!-- \/ Yoast SEO plugin. -->","yoast_head_json":{"title":"\u00bfEs posible que Warner Bros. apueste por La Legi\u00f3n de Superh\u00e9roes?","description":"Una de la cosas m\u00e1s curiosas de la jornada es el rumor aparecido en LR en el que se afirma que Warner desea un film de la Legi\u00f3n de Superh\u00e9roes. \u00bfPosible o no?","robots":{"index":"index","follow":"follow","max-snippet":"max-snippet:-1","max-image-preview":"max-image-preview:large","max-video-preview":"max-video-preview:-1"},"canonical":"https:\/\/www.uruloki.org\/felipeblog\/cine-de-ciencia-ficcion\/es-posible-que-warner-bros-apueste-por-la-legion-de-superheroes-como-revulsivo-contra-los-guardianes-de-la-galaxia-la-adaptacin-de-predicador-se-pone-en-ma","og_locale":"es_ES","og_type":"article","og_title":"\u00bfEs posible que Warner Bros. apueste por La Legi\u00f3n de Superh\u00e9roes?","og_description":"Una de la cosas m\u00e1s curiosas de la jornada es el rumor aparecido en LR en el que se afirma que Warner desea un film de la Legi\u00f3n de Superh\u00e9roes. \u00bfPosible o no?","og_url":"https:\/\/www.uruloki.org\/felipeblog\/cine-de-ciencia-ficcion\/es-posible-que-warner-bros-apueste-por-la-legion-de-superheroes-como-revulsivo-contra-los-guardianes-de-la-galaxia-la-adaptacin-de-predicador-se-pone-en-ma","og_site_name":"Uruloki :: Blog","article_publisher":"https:\/\/www.facebook.com\/uruloki.org","article_published_time":"2014-09-09T21:36:41+00:00","article_modified_time":"2014-09-09T22:39:24+00:00","og_image":[{"url":"https:\/\/uruloki.org\/felipeblog\/images2014-1\/20140909-legion.jpg","type":"","width":"","height":""}],"author":"Uruloki","twitter_card":"summary_large_image","twitter_creator":"@uruloki","twitter_site":"@uruloki","twitter_misc":{"Escrito por":"Uruloki","Tiempo de lectura":"3 minutos"},"schema":{"@context":"https:\/\/schema.org","@graph":[{"@type":"WebPage","@id":"https:\/\/www.uruloki.org\/felipeblog\/cine-de-ciencia-ficcion\/es-posible-que-warner-bros-apueste-por-la-legion-de-superheroes-como-revulsivo-contra-los-guardianes-de-la-galaxia-la-adaptacin-de-predicador-se-pone-en-ma","url":"https:\/\/www.uruloki.org\/felipeblog\/cine-de-ciencia-ficcion\/es-posible-que-warner-bros-apueste-por-la-legion-de-superheroes-como-revulsivo-contra-los-guardianes-de-la-galaxia-la-adaptacin-de-predicador-se-pone-en-ma","name":"\u00bfEs posible que Warner Bros. apueste por La Legi\u00f3n de Superh\u00e9roes?","isPartOf":{"@id":"https:\/\/www.uruloki.org\/felipeblog\/#website"},"primaryImageOfPage":{"@id":"https:\/\/www.uruloki.org\/felipeblog\/cine-de-ciencia-ficcion\/es-posible-que-warner-bros-apueste-por-la-legion-de-superheroes-como-revulsivo-contra-los-guardianes-de-la-galaxia-la-adaptacin-de-predicador-se-pone-en-ma#primaryimage"},"image":{"@id":"https:\/\/www.uruloki.org\/felipeblog\/cine-de-ciencia-ficcion\/es-posible-que-warner-bros-apueste-por-la-legion-de-superheroes-como-revulsivo-contra-los-guardianes-de-la-galaxia-la-adaptacin-de-predicador-se-pone-en-ma#primaryimage"},"thumbnailUrl":"https:\/\/uruloki.org\/felipeblog\/images2014-1\/20140909-legion.jpg","datePublished":"2014-09-09T21:36:41+00:00","dateModified":"2014-09-09T22:39:24+00:00","author":{"@id":"https:\/\/www.uruloki.org\/felipeblog\/#\/schema\/person\/ddba06ddaa27edf0c370460d05c51bb3"},"description":"Una de la cosas m\u00e1s curiosas de la jornada es el rumor aparecido en LR en el que se afirma que Warner desea un film de la Legi\u00f3n de Superh\u00e9roes. \u00bfPosible o no?","breadcrumb":{"@id":"https:\/\/www.uruloki.org\/felipeblog\/cine-de-ciencia-ficcion\/es-posible-que-warner-bros-apueste-por-la-legion-de-superheroes-como-revulsivo-contra-los-guardianes-de-la-galaxia-la-adaptacin-de-predicador-se-pone-en-ma#breadcrumb"},"inLanguage":"es","potentialAction":[{"@type":"ReadAction","target":["https:\/\/www.uruloki.org\/felipeblog\/cine-de-ciencia-ficcion\/es-posible-que-warner-bros-apueste-por-la-legion-de-superheroes-como-revulsivo-contra-los-guardianes-de-la-galaxia-la-adaptacin-de-predicador-se-pone-en-ma"]}]},{"@type":"ImageObject","inLanguage":"es","@id":"https:\/\/www.uruloki.org\/felipeblog\/cine-de-ciencia-ficcion\/es-posible-que-warner-bros-apueste-por-la-legion-de-superheroes-como-revulsivo-contra-los-guardianes-de-la-galaxia-la-adaptacin-de-predicador-se-pone-en-ma#primaryimage","url":"https:\/\/uruloki.org\/felipeblog\/images2014-1\/20140909-legion.jpg","contentUrl":"https:\/\/uruloki.org\/felipeblog\/images2014-1\/20140909-legion.jpg"},{"@type":"BreadcrumbList","@id":"https:\/\/www.uruloki.org\/felipeblog\/cine-de-ciencia-ficcion\/es-posible-que-warner-bros-apueste-por-la-legion-de-superheroes-como-revulsivo-contra-los-guardianes-de-la-galaxia-la-adaptacin-de-predicador-se-pone-en-ma#breadcrumb","itemListElement":[{"@type":"ListItem","position":1,"name":"Portada","item":"https:\/\/www.uruloki.org\/felipeblog"},{"@type":"ListItem","position":2,"name":"&iquest;Es posible que Warner Bros. apueste por La Legi&oacute;n de Superh&eacute;roes como revulsivo contra los Guardianes de la Galaxia?, la adaptaci&oacute;n de &quot;Predicador&quot; se pone en marcha (su escritura) y si sumamos Roland Emmerich m&aacute;s Keanu Reeves sale una serie de televisi&oacute;n llamada &quot;New Angeles&quot;&#8230;"}]},{"@type":"WebSite","@id":"https:\/\/www.uruloki.org\/felipeblog\/#website","url":"https:\/\/www.uruloki.org\/felipeblog\/","name":"Uruloki :: Blog","description":"Blog de cine, terror, ciencia ficci\u00f3n, fantas\u00eda y c\u00f3mics","potentialAction":[{"@type":"SearchAction","target":{"@type":"EntryPoint","urlTemplate":"https:\/\/www.uruloki.org\/felipeblog\/?s={search_term_string}"},"query-input":{"@type":"PropertyValueSpecification","valueRequired":true,"valueName":"search_term_string"}}],"inLanguage":"es"},{"@type":"Person","@id":"https:\/\/www.uruloki.org\/felipeblog\/#\/schema\/person\/ddba06ddaa27edf0c370460d05c51bb3","name":"Uruloki","image":{"@type":"ImageObject","inLanguage":"es","@id":"https:\/\/www.uruloki.org\/felipeblog\/#\/schema\/person\/image\/","url":"https:\/\/secure.gravatar.com\/avatar\/68d5301c5f52ba88fd63f02c75b8c4d1b3c3fc4b21e2998a1e98c4b3a54d9f7c?s=96&d=mm&r=g","contentUrl":"https:\/\/secure.gravatar.com\/avatar\/68d5301c5f52ba88fd63f02c75b8c4d1b3c3fc4b21e2998a1e98c4b3a54d9f7c?s=96&d=mm&r=g","caption":"Uruloki"},"sameAs":["https:\/\/uruloki.org"],"url":"https:\/\/www.uruloki.org\/felipeblog\/author\/admin-2-2-2"}]}},"_links":{"self":[{"href":"https:\/\/www.uruloki.org\/felipeblog\/wp-json\/wp\/v2\/posts\/13450","targetHints":{"allow":["GET"]}}],"collection":[{"href":"https:\/\/www.uruloki.org\/felipeblog\/wp-json\/wp\/v2\/posts"}],"about":[{"href":"https:\/\/www.uruloki.org\/felipeblog\/wp-json\/wp\/v2\/types\/post"}],"author":[{"embeddable":true,"href":"https:\/\/www.uruloki.org\/felipeblog\/wp-json\/wp\/v2\/users\/28"}],"replies":[{"embeddable":true,"href":"https:\/\/www.uruloki.org\/felipeblog\/wp-json\/wp\/v2\/comments?post=13450"}],"version-history":[{"count":1,"href":"https:\/\/www.uruloki.org\/felipeblog\/wp-json\/wp\/v2\/posts\/13450\/revisions"}],"predecessor-version":[{"id":13451,"href":"https:\/\/www.uruloki.org\/felipeblog\/wp-json\/wp\/v2\/posts\/13450\/revisions\/13451"}],"wp:attachment":[{"href":"https:\/\/www.uruloki.org\/felipeblog\/wp-json\/wp\/v2\/media?parent=13450"}],"wp:term":[{"taxonomy":"category","embeddable":true,"href":"https:\/\/www.uruloki.org\/felipeblog\/wp-json\/wp\/v2\/categories?post=13450"},{"taxonomy":"post_tag","embeddable":true,"href":"https:\/\/www.uruloki.org\/felipeblog\/wp-json\/wp\/v2\/tags?post=13450"}],"curies":[{"name":"wp","href":"https:\/\/api.w.org\/{rel}","templated":true}]}}