{"id":13093,"date":"2014-07-10T18:11:35","date_gmt":"2014-07-10T16:11:35","guid":{"rendered":"https:\/\/uruloki.org\/felipeblog\/?p=13093"},"modified":"2014-07-10T18:11:35","modified_gmt":"2014-07-10T16:11:35","slug":"en-la-agenda-de-guillermo-del-toro-hay-espacio-para-un-film-en-blanco-y-negro-lo-joss-whedon-un-nuevo-cartel-el-definitivo-de-expendables-3-el-reparto-de-mission-impossible-5-incorpora-al","status":"publish","type":"post","link":"https:\/\/www.uruloki.org\/felipeblog\/cine\/en-la-agenda-de-guillermo-del-toro-hay-espacio-para-un-film-en-blanco-y-negro-lo-joss-whedon-un-nuevo-cartel-el-definitivo-de-expendables-3-el-reparto-de-mission-impossible-5-incorpora-al","title":{"rendered":"En la agenda de Guillermo del Toro hay espacio para un film en blanco y negro a lo Joss Whedon, un nuevo cartel (el definitivo) de The Expendables 3, el reparto de Mission: Impossible 5 incorpora a Alec Baldwin y Rebecca Ferguson, &iquest;Chris Columbus produciendo finalmente el remake \/ secuela de Gremlins?, si Steven Moffat acaba dirigiendo un episodio Star Wars lo flipamos, ser&iacute;a posible ver a Doomsday en Batman v Superman: Dawn of Justice, y ojito a lo bien que suena la banda sonora de I Origins&#8230;"},"content":{"rendered":"<p>R&aacute;pidamente me pongo manos a la obra que el tiempo se me echa encima. Arranco con <a href=\"http:\/\/collider.com\/guillermo-del-toro-black-and-white-movie\/\" target=\"_blank\">una sorpresa inesperada dentro de la agenda de <strong>Guillermo del Toro<\/strong><\/a>. Charlando con la gente de Collider el director mexicano hace una anotaci&oacute;n dentro de la lista de proyectos que tiene entre manos de aqu&iacute; a los pr&oacute;ximos 3 a&ntilde;os. Como sabr&eacute;is <strong>Del Toro<\/strong> est&aacute; ahora mismo completando <strong>Crimson Peak<\/strong> (2015), ese film de terror cl&aacute;sico g&oacute;tico con un reparto prometedor que encabezan <strong>Jessica Chastain<\/strong>, <strong>Tom Hiddleston<\/strong>, <strong>Charlie Hunnam<\/strong> y <strong>Mia Wasikowska<\/strong>. Despu&eacute;s de esto se supone que llegar&aacute; <strong>Pacific Rim 2<\/strong> (2017), o al menos su puesta en marcha iba a ser casi inmediata. Hoy el director pone una coma en el plan y comenta&#8230;<\/p>\n<blockquote><p>En estos momentos la idea es que entre febrero \/ marzo del a&ntilde;o que viene me ponga con una peque&ntilde;a pel&iacute;cula en blanco y negro, una muy pero que muy rara, justo despu&eacute;s de completar la preproducci&oacute;n de Pacific Rim 2 que comenzaremos  este mismo agosto. Una vez completada volveremos a poner el foco hasta que llegue  el rodaje de Pacific Rim 2 previsto para finales del 2015 y estrenar en 2017.<\/p><\/blockquote>\n<p>Inesperado. Por ahora solamente apunta que se trata de un film con un reparto muy peque&ntilde;o, que le encantar&iacute;a contar con <strong>John Hurt<\/strong> y que tiene localizada a una actriz poco conocida que ha visto en un cortometraje para el papel protagonista. Sobre la pel&iacute;cula no cuenta nada salvo que tendr&aacute; una gran criatura, eso s&iacute;, confirma que tiene t&iacute;tulo pero que prefiere no decir nada para que no se saquen las cosas de quicio. Curioso. Es como  si <strong>Guillermo del Toro<\/strong> se <em>josswhedonizara<\/em>&#8230;<\/p>\n<p class=\"centrado\"><img loading=\"lazy\" decoding=\"async\" src=\"https:\/\/uruloki.org\/felipeblog\/images2014-1\/20140710-expendables3.jpg\" alt=\"El cartel final de The Expendables 3\" width=\"550\" height=\"815\" \/><br \/><em>El <a href=\"http:\/\/www.ign.com\/articles\/2014\/07\/09\/the-expendables-3-final-one-sheet-and-motion-poster-exclusive-debut\" target=\"_blank\">cartel final de The Expendables 3<\/a><\/em> <\/p>\n<p>Tenemos tambi&eacute;n movimientos en casa <strong>Misi&oacute;n Imposible<\/strong>. Deadline anota que <a href=\"http:\/\/www.deadline.com\/2014\/07\/alec-baldwin-circles-mi5-football-concussions-and-a-rob-ford-type-mayor-also-in-the-offing\/\" target=\"_blank\"><strong>Alec Baldwin<\/strong> suena con fuerza para unirse a <strong>Tom Cruise<\/strong> y todo su equipo en <strong>Mission: Impossible 5<\/strong> (&iquest;?)<\/a>. El papel que le espera es el del jefazo absoluto de la CIA. Junto a <strong>Baldwin<\/strong>, aunque esto es cosa de Variety, parece colocarse <a href=\"http:\/\/variety.com\/2014\/film\/news\/rebecca-ferguson-mission-impossible-5-1201173318\/\" target=\"_blank\"><strong>Rebecca Ferguson<\/strong>, elegida por <strong>Paramount Pictures<\/strong> y <strong>Skydance<\/strong><\/a> para ser la protagonista femenina de la pel&iacute;cula que dirigir&aacute; <strong>Christopher McQuarrie<\/strong>. Si bien no hay todav&iacute;a ning&uacute;n datos sobre la trama, se dice que la <strong>Ferguson<\/strong> encarnar&iacute;a a una especie de asesina que se cruzar&aacute; en el camino de <strong>Ethan Hunt<\/strong> (<em>Cruise<\/em>). El papel fue ofrecido en primera instancia a <strong>Jessica Chastain<\/strong> pero su agenda la ha acabado separando de la aventura. Por si alguno quiere conocerla pod&eacute;is echarle un vistazo en <strong>&quot;The White Queen&quot;<\/strong> (2013) o en la pr&oacute;ximo <strong>H&eacute;rcules<\/strong> (<em>Hercules<\/em>, 2014).<\/p>\n<p>Y ojito que The Tracking Board cuenta que <a href=\"http:\/\/www.tracking-board.com\/tb-exclusive-chris-columbus-is-on-board-to-produce-gremlins-remake\/\" target=\"_blank\"><strong>Chris Columbus<\/strong> ha dado el aparente s&iacute; quiero a <strong>Warner Bros.<\/strong> para hacerse cargo de la producci&oacute;n de <strong>Gremlins<\/strong> (&iquest;?)<\/a>, anunciado <em>remake<\/em> del cl&aacute;sico de <strong>Joe Dante<\/strong> que en manos de \/Films ahora <a href=\"http:\/\/www.slashfilm.com\/chris-columbus-gremlins-remake-goonies-sequel\/\" target=\"_blank\">podr&iacute;a acabar siendo una secuela<\/a> 30 a&ntilde;os despu&eacute;s del film original. No queda claro en que puesto quedan ahora  <strong>Seth Grahame-Smith<\/strong> y <strong>David Katzenberg<\/strong>, los productores originales desde su sello <strong>KatzSmith Productions<\/strong>. En fin, si es secuela puede molar m&aacute;s, por eso de recuperar de nuevo a un veterano <strong>Zach Galligan<\/strong>, ya peina 50 a&ntilde;os, y viejos recuerdos al pasado&#8230; <strong>Phoebe Cates<\/strong> sobre todo, aunque tampoco descartar&iacute;a un cameo de <strong>Dick Miller<\/strong> o <strong>Corey Feldman<\/strong>. El concepto <em>remake<\/em> me sobra m&aacute;s, no apetece tanto porque cualquier comparaci&oacute;n ser&aacute; siempre odiosa.<\/p>\n<div class=\"video\"><iframe loading=\"lazy\" width=\"100%\" height=\"166\" scrolling=\"no\" src=\"https:\/\/w.soundcloud.com\/player\/?url=https%3A\/\/api.soundcloud.com\/tracks\/158105877&#038;color=ff5500\"><\/iframe><\/div>\n<p>Hora del punto y final con m&aacute;s y m&aacute;s rumores. El primero indica que <strong>Steven Moffat<\/strong> tiene sobre la mesa una propuesta para <a href=\"http:\/\/www.jedinews.co.uk\/news\/news.aspx?newsID=17563\" target=\"_blank\">hacerse cargo de algo en uno de los proyectos futuros de la saga <strong>Star Wars<\/strong><\/a>. &iquest;Verdad o mentira?, pues ni idea, suena bien y mola, <strong>Moffat<\/strong> mola y domina el g&eacute;nero, podr&iacute;a triunfar. Bleeding Cool suelta as&iacute; de buenas a primeras que se dice que hay varios dise&ntilde;os de <a href=\"http:\/\/www.bleedingcool.com\/2014\/07\/10\/doomsday-to-appear-in-batman-v-superman-dawn-of-justice\/\" target=\"_blank\"><strong>Doomsday<\/strong> rondando las oficinas de producci&oacute;n de <strong>Batman v Superman: Dawn of Justice<\/strong> (2016)<\/a>. Nuevamente &iquest;verdad o mentira?, pues otra vez ni idea, hace falta un gran villano para acompa&ntilde;ar a <strong>Lex Luthor<\/strong> (<em>Jesse Eisenberg<\/em>) dando tortazos y <strong>Doomsday<\/strong> cumplir&iacute;a&#8230; &iquest;pero un poco excesivo?<\/p>\n","protected":false},"excerpt":{"rendered":"<p>R&aacute;pidamente me pongo manos a la obra que el tiempo se me echa encima. Arranco con una sorpresa inesperada dentro de la agenda de Guillermo del Toro. Charlando con la gente de Collider el director mexicano hace una anotaci&oacute;n dentro de la lista de proyectos que tiene entre manos de aqu&iacute; a los pr&oacute;ximos 3 [&hellip;]<\/p>\n","protected":false},"author":28,"featured_media":0,"comment_status":"open","ping_status":"open","sticky":false,"template":"","format":"standard","meta":{"footnotes":""},"categories":[6,10,8,26,15],"tags":[3032,2424,2402,2367,3369,2070],"class_list":["post-13093","post","type-post","status-publish","format-standard","hentry","category-cine","category-cine-de-comics","category-cine-de-ciencia-ficcion","category-gdt","category-star-wars","tag-batman-v-superman-dawn-of-justice","tag-gremlins","tag-i-origins","tag-mission-impossible-5","tag-star-wars","tag-the-expendables-3"],"yoast_head":"<!-- This site is optimized with the Yoast SEO plugin v24.3 - https:\/\/yoast.com\/wordpress\/plugins\/seo\/ -->\n<title>En la agenda de Guillermo del Toro hay espacio para un film en blanco y negro<\/title>\n<meta name=\"description\" content=\"R\u00e1pidamente me pongo manos a la obra que el tiempo se me echa encima. Arranco con una sorpresa inesperada dentro de la agenda de Guillermo del Toro. Tiene entre manos un film en blanco y negro con un reparto muy peque\u00f1o, que le encantar\u00eda contar con John Hurt y que tiene localizada a una actriz poco conocida que ha visto en un cortometraje para el papel protagonista.\" \/>\n<meta name=\"robots\" content=\"index, follow, max-snippet:-1, max-image-preview:large, max-video-preview:-1\" \/>\n<link rel=\"canonical\" href=\"https:\/\/www.uruloki.org\/felipeblog\/cine\/en-la-agenda-de-guillermo-del-toro-hay-espacio-para-un-film-en-blanco-y-negro-lo-joss-whedon-un-nuevo-cartel-el-definitivo-de-expendables-3-el-reparto-de-mission-impossible-5-incorpora-al\" \/>\n<meta property=\"og:locale\" content=\"es_ES\" \/>\n<meta property=\"og:type\" content=\"article\" \/>\n<meta property=\"og:title\" content=\"En la agenda de Guillermo del Toro hay espacio para un film en blanco y negro\" \/>\n<meta property=\"og:description\" content=\"R\u00e1pidamente me pongo manos a la obra que el tiempo se me echa encima. Arranco con una sorpresa inesperada dentro de la agenda de Guillermo del Toro. Tiene entre manos un film en blanco y negro con un reparto muy peque\u00f1o, que le encantar\u00eda contar con John Hurt y que tiene localizada a una actriz poco conocida que ha visto en un cortometraje para el papel protagonista.\" \/>\n<meta property=\"og:url\" content=\"https:\/\/www.uruloki.org\/felipeblog\/cine\/en-la-agenda-de-guillermo-del-toro-hay-espacio-para-un-film-en-blanco-y-negro-lo-joss-whedon-un-nuevo-cartel-el-definitivo-de-expendables-3-el-reparto-de-mission-impossible-5-incorpora-al\" \/>\n<meta property=\"og:site_name\" content=\"Uruloki :: Blog\" \/>\n<meta property=\"article:publisher\" content=\"https:\/\/www.facebook.com\/uruloki.org\" \/>\n<meta property=\"article:published_time\" content=\"2014-07-10T16:11:35+00:00\" \/>\n<meta property=\"og:image\" content=\"https:\/\/uruloki.org\/felipeblog\/images2014-1\/20140710-expendables3.jpg\" \/>\n<meta name=\"author\" content=\"Uruloki\" \/>\n<meta name=\"twitter:card\" content=\"summary_large_image\" \/>\n<meta name=\"twitter:creator\" content=\"@uruloki\" \/>\n<meta name=\"twitter:site\" content=\"@uruloki\" \/>\n<meta name=\"twitter:label1\" content=\"Escrito por\" \/>\n\t<meta name=\"twitter:data1\" content=\"Uruloki\" \/>\n\t<meta name=\"twitter:label2\" content=\"Tiempo de lectura\" \/>\n\t<meta name=\"twitter:data2\" content=\"4 minutos\" \/>\n<script type=\"application\/ld+json\" class=\"yoast-schema-graph\">{\"@context\":\"https:\/\/schema.org\",\"@graph\":[{\"@type\":\"WebPage\",\"@id\":\"https:\/\/www.uruloki.org\/felipeblog\/cine\/en-la-agenda-de-guillermo-del-toro-hay-espacio-para-un-film-en-blanco-y-negro-lo-joss-whedon-un-nuevo-cartel-el-definitivo-de-expendables-3-el-reparto-de-mission-impossible-5-incorpora-al\",\"url\":\"https:\/\/www.uruloki.org\/felipeblog\/cine\/en-la-agenda-de-guillermo-del-toro-hay-espacio-para-un-film-en-blanco-y-negro-lo-joss-whedon-un-nuevo-cartel-el-definitivo-de-expendables-3-el-reparto-de-mission-impossible-5-incorpora-al\",\"name\":\"En la agenda de Guillermo del Toro hay espacio para un film en blanco y negro\",\"isPartOf\":{\"@id\":\"https:\/\/www.uruloki.org\/felipeblog\/#website\"},\"primaryImageOfPage\":{\"@id\":\"https:\/\/www.uruloki.org\/felipeblog\/cine\/en-la-agenda-de-guillermo-del-toro-hay-espacio-para-un-film-en-blanco-y-negro-lo-joss-whedon-un-nuevo-cartel-el-definitivo-de-expendables-3-el-reparto-de-mission-impossible-5-incorpora-al#primaryimage\"},\"image\":{\"@id\":\"https:\/\/www.uruloki.org\/felipeblog\/cine\/en-la-agenda-de-guillermo-del-toro-hay-espacio-para-un-film-en-blanco-y-negro-lo-joss-whedon-un-nuevo-cartel-el-definitivo-de-expendables-3-el-reparto-de-mission-impossible-5-incorpora-al#primaryimage\"},\"thumbnailUrl\":\"https:\/\/uruloki.org\/felipeblog\/images2014-1\/20140710-expendables3.jpg\",\"datePublished\":\"2014-07-10T16:11:35+00:00\",\"dateModified\":\"2014-07-10T16:11:35+00:00\",\"author\":{\"@id\":\"https:\/\/www.uruloki.org\/felipeblog\/#\/schema\/person\/ddba06ddaa27edf0c370460d05c51bb3\"},\"description\":\"R\u00e1pidamente me pongo manos a la obra que el tiempo se me echa encima. Arranco con una sorpresa inesperada dentro de la agenda de Guillermo del Toro. Tiene entre manos un film en blanco y negro con un reparto muy peque\u00f1o, que le encantar\u00eda contar con John Hurt y que tiene localizada a una actriz poco conocida que ha visto en un cortometraje para el papel protagonista.\",\"breadcrumb\":{\"@id\":\"https:\/\/www.uruloki.org\/felipeblog\/cine\/en-la-agenda-de-guillermo-del-toro-hay-espacio-para-un-film-en-blanco-y-negro-lo-joss-whedon-un-nuevo-cartel-el-definitivo-de-expendables-3-el-reparto-de-mission-impossible-5-incorpora-al#breadcrumb\"},\"inLanguage\":\"es\",\"potentialAction\":[{\"@type\":\"ReadAction\",\"target\":[\"https:\/\/www.uruloki.org\/felipeblog\/cine\/en-la-agenda-de-guillermo-del-toro-hay-espacio-para-un-film-en-blanco-y-negro-lo-joss-whedon-un-nuevo-cartel-el-definitivo-de-expendables-3-el-reparto-de-mission-impossible-5-incorpora-al\"]}]},{\"@type\":\"ImageObject\",\"inLanguage\":\"es\",\"@id\":\"https:\/\/www.uruloki.org\/felipeblog\/cine\/en-la-agenda-de-guillermo-del-toro-hay-espacio-para-un-film-en-blanco-y-negro-lo-joss-whedon-un-nuevo-cartel-el-definitivo-de-expendables-3-el-reparto-de-mission-impossible-5-incorpora-al#primaryimage\",\"url\":\"https:\/\/uruloki.org\/felipeblog\/images2014-1\/20140710-expendables3.jpg\",\"contentUrl\":\"https:\/\/uruloki.org\/felipeblog\/images2014-1\/20140710-expendables3.jpg\"},{\"@type\":\"BreadcrumbList\",\"@id\":\"https:\/\/www.uruloki.org\/felipeblog\/cine\/en-la-agenda-de-guillermo-del-toro-hay-espacio-para-un-film-en-blanco-y-negro-lo-joss-whedon-un-nuevo-cartel-el-definitivo-de-expendables-3-el-reparto-de-mission-impossible-5-incorpora-al#breadcrumb\",\"itemListElement\":[{\"@type\":\"ListItem\",\"position\":1,\"name\":\"Portada\",\"item\":\"https:\/\/www.uruloki.org\/felipeblog\"},{\"@type\":\"ListItem\",\"position\":2,\"name\":\"En la agenda de Guillermo del Toro hay espacio para un film en blanco y negro a lo Joss Whedon, un nuevo cartel (el definitivo) de The Expendables 3, el reparto de Mission: Impossible 5 incorpora a Alec Baldwin y Rebecca Ferguson, &iquest;Chris Columbus produciendo finalmente el remake \/ secuela de Gremlins?, si Steven Moffat acaba dirigiendo un episodio Star Wars lo flipamos, ser&iacute;a posible ver a Doomsday en Batman v Superman: Dawn of Justice, y ojito a lo bien que suena la banda sonora de I Origins&#8230;\"}]},{\"@type\":\"WebSite\",\"@id\":\"https:\/\/www.uruloki.org\/felipeblog\/#website\",\"url\":\"https:\/\/www.uruloki.org\/felipeblog\/\",\"name\":\"Uruloki :: Blog\",\"description\":\"Blog de cine, terror, ciencia ficci\u00f3n, fantas\u00eda y c\u00f3mics\",\"potentialAction\":[{\"@type\":\"SearchAction\",\"target\":{\"@type\":\"EntryPoint\",\"urlTemplate\":\"https:\/\/www.uruloki.org\/felipeblog\/?s={search_term_string}\"},\"query-input\":{\"@type\":\"PropertyValueSpecification\",\"valueRequired\":true,\"valueName\":\"search_term_string\"}}],\"inLanguage\":\"es\"},{\"@type\":\"Person\",\"@id\":\"https:\/\/www.uruloki.org\/felipeblog\/#\/schema\/person\/ddba06ddaa27edf0c370460d05c51bb3\",\"name\":\"Uruloki\",\"image\":{\"@type\":\"ImageObject\",\"inLanguage\":\"es\",\"@id\":\"https:\/\/www.uruloki.org\/felipeblog\/#\/schema\/person\/image\/\",\"url\":\"https:\/\/secure.gravatar.com\/avatar\/68d5301c5f52ba88fd63f02c75b8c4d1b3c3fc4b21e2998a1e98c4b3a54d9f7c?s=96&d=mm&r=g\",\"contentUrl\":\"https:\/\/secure.gravatar.com\/avatar\/68d5301c5f52ba88fd63f02c75b8c4d1b3c3fc4b21e2998a1e98c4b3a54d9f7c?s=96&d=mm&r=g\",\"caption\":\"Uruloki\"},\"sameAs\":[\"https:\/\/uruloki.org\"],\"url\":\"https:\/\/www.uruloki.org\/felipeblog\/author\/admin-2-2-2\"}]}<\/script>\n<!-- \/ Yoast SEO plugin. -->","yoast_head_json":{"title":"En la agenda de Guillermo del Toro hay espacio para un film en blanco y negro","description":"R\u00e1pidamente me pongo manos a la obra que el tiempo se me echa encima. Arranco con una sorpresa inesperada dentro de la agenda de Guillermo del Toro. Tiene entre manos un film en blanco y negro con un reparto muy peque\u00f1o, que le encantar\u00eda contar con John Hurt y que tiene localizada a una actriz poco conocida que ha visto en un cortometraje para el papel protagonista.","robots":{"index":"index","follow":"follow","max-snippet":"max-snippet:-1","max-image-preview":"max-image-preview:large","max-video-preview":"max-video-preview:-1"},"canonical":"https:\/\/www.uruloki.org\/felipeblog\/cine\/en-la-agenda-de-guillermo-del-toro-hay-espacio-para-un-film-en-blanco-y-negro-lo-joss-whedon-un-nuevo-cartel-el-definitivo-de-expendables-3-el-reparto-de-mission-impossible-5-incorpora-al","og_locale":"es_ES","og_type":"article","og_title":"En la agenda de Guillermo del Toro hay espacio para un film en blanco y negro","og_description":"R\u00e1pidamente me pongo manos a la obra que el tiempo se me echa encima. Arranco con una sorpresa inesperada dentro de la agenda de Guillermo del Toro. Tiene entre manos un film en blanco y negro con un reparto muy peque\u00f1o, que le encantar\u00eda contar con John Hurt y que tiene localizada a una actriz poco conocida que ha visto en un cortometraje para el papel protagonista.","og_url":"https:\/\/www.uruloki.org\/felipeblog\/cine\/en-la-agenda-de-guillermo-del-toro-hay-espacio-para-un-film-en-blanco-y-negro-lo-joss-whedon-un-nuevo-cartel-el-definitivo-de-expendables-3-el-reparto-de-mission-impossible-5-incorpora-al","og_site_name":"Uruloki :: Blog","article_publisher":"https:\/\/www.facebook.com\/uruloki.org","article_published_time":"2014-07-10T16:11:35+00:00","og_image":[{"url":"https:\/\/uruloki.org\/felipeblog\/images2014-1\/20140710-expendables3.jpg","type":"","width":"","height":""}],"author":"Uruloki","twitter_card":"summary_large_image","twitter_creator":"@uruloki","twitter_site":"@uruloki","twitter_misc":{"Escrito por":"Uruloki","Tiempo de lectura":"4 minutos"},"schema":{"@context":"https:\/\/schema.org","@graph":[{"@type":"WebPage","@id":"https:\/\/www.uruloki.org\/felipeblog\/cine\/en-la-agenda-de-guillermo-del-toro-hay-espacio-para-un-film-en-blanco-y-negro-lo-joss-whedon-un-nuevo-cartel-el-definitivo-de-expendables-3-el-reparto-de-mission-impossible-5-incorpora-al","url":"https:\/\/www.uruloki.org\/felipeblog\/cine\/en-la-agenda-de-guillermo-del-toro-hay-espacio-para-un-film-en-blanco-y-negro-lo-joss-whedon-un-nuevo-cartel-el-definitivo-de-expendables-3-el-reparto-de-mission-impossible-5-incorpora-al","name":"En la agenda de Guillermo del Toro hay espacio para un film en blanco y negro","isPartOf":{"@id":"https:\/\/www.uruloki.org\/felipeblog\/#website"},"primaryImageOfPage":{"@id":"https:\/\/www.uruloki.org\/felipeblog\/cine\/en-la-agenda-de-guillermo-del-toro-hay-espacio-para-un-film-en-blanco-y-negro-lo-joss-whedon-un-nuevo-cartel-el-definitivo-de-expendables-3-el-reparto-de-mission-impossible-5-incorpora-al#primaryimage"},"image":{"@id":"https:\/\/www.uruloki.org\/felipeblog\/cine\/en-la-agenda-de-guillermo-del-toro-hay-espacio-para-un-film-en-blanco-y-negro-lo-joss-whedon-un-nuevo-cartel-el-definitivo-de-expendables-3-el-reparto-de-mission-impossible-5-incorpora-al#primaryimage"},"thumbnailUrl":"https:\/\/uruloki.org\/felipeblog\/images2014-1\/20140710-expendables3.jpg","datePublished":"2014-07-10T16:11:35+00:00","dateModified":"2014-07-10T16:11:35+00:00","author":{"@id":"https:\/\/www.uruloki.org\/felipeblog\/#\/schema\/person\/ddba06ddaa27edf0c370460d05c51bb3"},"description":"R\u00e1pidamente me pongo manos a la obra que el tiempo se me echa encima. Arranco con una sorpresa inesperada dentro de la agenda de Guillermo del Toro. Tiene entre manos un film en blanco y negro con un reparto muy peque\u00f1o, que le encantar\u00eda contar con John Hurt y que tiene localizada a una actriz poco conocida que ha visto en un cortometraje para el papel protagonista.","breadcrumb":{"@id":"https:\/\/www.uruloki.org\/felipeblog\/cine\/en-la-agenda-de-guillermo-del-toro-hay-espacio-para-un-film-en-blanco-y-negro-lo-joss-whedon-un-nuevo-cartel-el-definitivo-de-expendables-3-el-reparto-de-mission-impossible-5-incorpora-al#breadcrumb"},"inLanguage":"es","potentialAction":[{"@type":"ReadAction","target":["https:\/\/www.uruloki.org\/felipeblog\/cine\/en-la-agenda-de-guillermo-del-toro-hay-espacio-para-un-film-en-blanco-y-negro-lo-joss-whedon-un-nuevo-cartel-el-definitivo-de-expendables-3-el-reparto-de-mission-impossible-5-incorpora-al"]}]},{"@type":"ImageObject","inLanguage":"es","@id":"https:\/\/www.uruloki.org\/felipeblog\/cine\/en-la-agenda-de-guillermo-del-toro-hay-espacio-para-un-film-en-blanco-y-negro-lo-joss-whedon-un-nuevo-cartel-el-definitivo-de-expendables-3-el-reparto-de-mission-impossible-5-incorpora-al#primaryimage","url":"https:\/\/uruloki.org\/felipeblog\/images2014-1\/20140710-expendables3.jpg","contentUrl":"https:\/\/uruloki.org\/felipeblog\/images2014-1\/20140710-expendables3.jpg"},{"@type":"BreadcrumbList","@id":"https:\/\/www.uruloki.org\/felipeblog\/cine\/en-la-agenda-de-guillermo-del-toro-hay-espacio-para-un-film-en-blanco-y-negro-lo-joss-whedon-un-nuevo-cartel-el-definitivo-de-expendables-3-el-reparto-de-mission-impossible-5-incorpora-al#breadcrumb","itemListElement":[{"@type":"ListItem","position":1,"name":"Portada","item":"https:\/\/www.uruloki.org\/felipeblog"},{"@type":"ListItem","position":2,"name":"En la agenda de Guillermo del Toro hay espacio para un film en blanco y negro a lo Joss Whedon, un nuevo cartel (el definitivo) de The Expendables 3, el reparto de Mission: Impossible 5 incorpora a Alec Baldwin y Rebecca Ferguson, &iquest;Chris Columbus produciendo finalmente el remake \/ secuela de Gremlins?, si Steven Moffat acaba dirigiendo un episodio Star Wars lo flipamos, ser&iacute;a posible ver a Doomsday en Batman v Superman: Dawn of Justice, y ojito a lo bien que suena la banda sonora de I Origins&#8230;"}]},{"@type":"WebSite","@id":"https:\/\/www.uruloki.org\/felipeblog\/#website","url":"https:\/\/www.uruloki.org\/felipeblog\/","name":"Uruloki :: Blog","description":"Blog de cine, terror, ciencia ficci\u00f3n, fantas\u00eda y c\u00f3mics","potentialAction":[{"@type":"SearchAction","target":{"@type":"EntryPoint","urlTemplate":"https:\/\/www.uruloki.org\/felipeblog\/?s={search_term_string}"},"query-input":{"@type":"PropertyValueSpecification","valueRequired":true,"valueName":"search_term_string"}}],"inLanguage":"es"},{"@type":"Person","@id":"https:\/\/www.uruloki.org\/felipeblog\/#\/schema\/person\/ddba06ddaa27edf0c370460d05c51bb3","name":"Uruloki","image":{"@type":"ImageObject","inLanguage":"es","@id":"https:\/\/www.uruloki.org\/felipeblog\/#\/schema\/person\/image\/","url":"https:\/\/secure.gravatar.com\/avatar\/68d5301c5f52ba88fd63f02c75b8c4d1b3c3fc4b21e2998a1e98c4b3a54d9f7c?s=96&d=mm&r=g","contentUrl":"https:\/\/secure.gravatar.com\/avatar\/68d5301c5f52ba88fd63f02c75b8c4d1b3c3fc4b21e2998a1e98c4b3a54d9f7c?s=96&d=mm&r=g","caption":"Uruloki"},"sameAs":["https:\/\/uruloki.org"],"url":"https:\/\/www.uruloki.org\/felipeblog\/author\/admin-2-2-2"}]}},"_links":{"self":[{"href":"https:\/\/www.uruloki.org\/felipeblog\/wp-json\/wp\/v2\/posts\/13093","targetHints":{"allow":["GET"]}}],"collection":[{"href":"https:\/\/www.uruloki.org\/felipeblog\/wp-json\/wp\/v2\/posts"}],"about":[{"href":"https:\/\/www.uruloki.org\/felipeblog\/wp-json\/wp\/v2\/types\/post"}],"author":[{"embeddable":true,"href":"https:\/\/www.uruloki.org\/felipeblog\/wp-json\/wp\/v2\/users\/28"}],"replies":[{"embeddable":true,"href":"https:\/\/www.uruloki.org\/felipeblog\/wp-json\/wp\/v2\/comments?post=13093"}],"version-history":[{"count":1,"href":"https:\/\/www.uruloki.org\/felipeblog\/wp-json\/wp\/v2\/posts\/13093\/revisions"}],"predecessor-version":[{"id":13094,"href":"https:\/\/www.uruloki.org\/felipeblog\/wp-json\/wp\/v2\/posts\/13093\/revisions\/13094"}],"wp:attachment":[{"href":"https:\/\/www.uruloki.org\/felipeblog\/wp-json\/wp\/v2\/media?parent=13093"}],"wp:term":[{"taxonomy":"category","embeddable":true,"href":"https:\/\/www.uruloki.org\/felipeblog\/wp-json\/wp\/v2\/categories?post=13093"},{"taxonomy":"post_tag","embeddable":true,"href":"https:\/\/www.uruloki.org\/felipeblog\/wp-json\/wp\/v2\/tags?post=13093"}],"curies":[{"name":"wp","href":"https:\/\/api.w.org\/{rel}","templated":true}]}}