{"id":12866,"date":"2014-05-31T10:08:53","date_gmt":"2014-05-31T08:08:53","guid":{"rendered":"https:\/\/uruloki.org\/felipeblog\/?p=12866"},"modified":"2014-05-31T20:01:30","modified_gmt":"2014-05-31T18:01:30","slug":"adam-mckay-es-el-elegido-y-salvo-sorpresa-dirigir-ant-man","status":"publish","type":"post","link":"https:\/\/www.uruloki.org\/felipeblog\/cine-de-comics\/adam-mckay-es-el-elegido-y-salvo-sorpresa-dirigir-ant-man","title":{"rendered":"Adam McKay es el elegido y salvo sorpresa dirigir&aacute; Ant-Man (SORPRESA! McKay pasa y abandona!)&#8230;"},"content":{"rendered":"<p><strong class=\"nota\">&nbsp;SORPRESA&nbsp;<\/strong> Pues resulta que <a href=\"http:\/\/www.hollywoodreporter.com\/heat-vision\/adam-mckay-pulls-ant-man-708450\" target=\"_blank\"><strong>Adam McKay<\/strong> ha decidido bajarse del barco <strong>Ant-Man<\/strong> a las primeras de cambio<\/a>. Heat Vision anuncia que <strong>McKay<\/strong> ha roto las negociaciones con <strong>Marvel Studios<\/strong> hoy mismo tras tratar de llegar a un acuerdo con la compa&ntilde;&iacute;a de cara a sustituir a <strong>Edgar Wright<\/strong> al frente del film comiquero. &iquest;Qu&eacute; ha visto <strong>McKay<\/strong> que no le ha gustado? Pues sabe dios&#8230; pero aprovecho y vuelvo a insistir, tiempo al tiempo pero al final el director de <strong>Ant-Man<\/strong> ser&aacute; el directivo <strong>Louis D&#8217;Esposito<\/strong>, juez y parte del problema <strong>Wright<\/strong>. <a href=\"https:\/\/twitter.com\/GIL_R_S\/status\/472790674442420224\" target=\"_blank\">Gracias a El Necronauta por el aviso<\/a>.<\/p>\n<p>Pues ya est&aacute;. El culebr&oacute;n <strong>Ant-Man<\/strong> (2015) toca a su final, o al menos en su fase de b&uacute;squeda de la discutible alternativa. Tras <a href=\"https:\/\/uruloki.org\/felipeblog\/cine-de-cmics\/ant-man-se-queda-sin-edgar-wright-y-marvel-se-le-ajustan-las-fechas\">la salida de <strong>Edgar Wright<\/strong><\/a>, triste, y la <a href=\"https:\/\/uruloki.org\/felipeblog\/cine-de-cmics\/ant-man-y-marvel-ponen-el-ojo-sobre-tres-candidatos-sin-pizca-de-encanto\">b&uacute;squeda de sustitutos<\/a>, llega el candidato. <a href=\"http:\/\/www.aintitcool.com\/node\/67519\" target=\"_blank\"><strong>Adam McKay<\/strong> se perfila como elegido para tomar las riendas del proyecto<\/a> escrito por <strong>Wright<\/strong>, <strong>Joe Cornish<\/strong> y gente de <strong>Marvel Studios<\/strong>. Cuentan en AICN que <strong>McKay<\/strong> ya tiene una oferta laboral sobre la mesa y un objetivo claro&#8230; el rodaje debe iniciarse en fecha para estrenar el proyecto el 17 de julio del 2015. &iquest;Por qu&eacute; <strong>McKay<\/strong>? Pues no queda claro, el portal elucubra con la idea de que finalmente ni <strong>Ruben Fleischer<\/strong> ni <strong>Rawson Thurber<\/strong> llegaron a sentarse con <strong>Marvel Studios<\/strong>, vamos, que sus nombres estaban en una lista pero nada m&aacute;s, y luego el factor <strong>Paul Rudd<\/strong>&#8230; <strong>McKay<\/strong> y el protagonista de <strong>Ant-Man<\/strong> son viejos conocidos. La noticia de AICN se ve <a href=\"http:\/\/www.thewrap.com\/adam-mckay-in-early-talks-to-direct-ant-man-for-marvel-disney\/\" target=\"_blank\">confirmada por TheWrap<\/a> y <a href=\"http:\/\/variety.com\/2014\/film\/news\/adam-mckay-to-replace-edgar-wright-as-ant-man-director-1201199467\/\" target=\"_blank\">tambi&eacute;n por Variety<\/a> as&iacute; que va a misa.<\/p>\n<p>Sobre <strong>Adam McKay<\/strong> pues a lo que coment&eacute; el otro d&iacute;a, es el director de <strong>El reportero<\/strong> (<em>Anchorman: The Legend of Ron Burgundy<\/em>, 2004), <strong>Pasado de vueltas<\/strong> (<em>Talladega Nights: The Ballad of Ricky Bobby<\/em>, 2006), <strong>Hermanos por pelotas<\/strong> (<em>Step Brothers<\/em>, 2008) o <strong>Los otros dos<\/strong> (<em>The Other Guys<\/em>, 2010), vale la pena pensar en positivo y a&ntilde;adir que <a href=\"https:\/\/uruloki.org\/felipeblog\/cine-de-terror\/comic-con-2010-adam-mckay-ya-es-el-director-de-the-boys-alexandre-aja-planea-el-remake-de-maniac-kate-beckinsale-podra-volver-como-selene-a-underworld-4-y-tenemos-ya-posibles-direct\">fue elegido en su momento para hacerse cargo de la adaptaci&oacute;n del violento y transgresor c&oacute;mic <strong>&quot;The Boys&quot;<\/strong><\/a>. Se maneja bien en la comedia y se desenvuelve bien con repartos potentes, aqu&iacute; tendr&aacute; que lidiar con <strong>Paul Rudd<\/strong>, <strong>Michael Douglas<\/strong>, <strong>Evangeline Lilly<\/strong>, <strong>Patrick Wilson<\/strong> o <strong>Michael Pe&ntilde;a<\/strong>.<\/p>\n<p class=\"centrado\"><img loading=\"lazy\" decoding=\"async\" src=\"https:\/\/uruloki.org\/felipeblog\/images2014-1\/20140530-adammckay.jpg\" alt=\"Will Ferrel y Adam McKay\" width=\"625\" height=\"416\" \/><br \/><em>Will Ferrel y Adam McKay<\/em><\/p>\n","protected":false},"excerpt":{"rendered":"<p>&nbsp;SORPRESA&nbsp; Pues resulta que Adam McKay ha decidido bajarse del barco Ant-Man a las primeras de cambio. Heat Vision anuncia que McKay ha roto las negociaciones con Marvel Studios hoy mismo tras tratar de llegar a un acuerdo con la compa&ntilde;&iacute;a de cara a sustituir a Edgar Wright al frente del film comiquero. &iquest;Qu&eacute; ha [&hellip;]<\/p>\n","protected":false},"author":28,"featured_media":0,"comment_status":"open","ping_status":"open","sticky":false,"template":"","format":"standard","meta":{"footnotes":""},"categories":[10],"tags":[179],"class_list":["post-12866","post","type-post","status-publish","format-standard","hentry","category-cine-de-comics","tag-ant-man"],"yoast_head":"<!-- This site is optimized with the Yoast SEO plugin v24.3 - https:\/\/yoast.com\/wordpress\/plugins\/seo\/ -->\n<title>Adam McKay es el elegido y salvo sorpresa dirigir\u00e1 Ant-Man<\/title>\n<meta name=\"description\" content=\"Pues ya est\u00e1. El culebr\u00f3n Ant-Man (2015) toca a su final, o al menos en su fase de b\u00fasqueda de la discutible alternativa. Adam McKay se perfila como ele...\" \/>\n<meta name=\"robots\" content=\"index, follow, max-snippet:-1, max-image-preview:large, max-video-preview:-1\" \/>\n<link rel=\"canonical\" href=\"https:\/\/www.uruloki.org\/felipeblog\/cine-de-comics\/adam-mckay-es-el-elegido-y-salvo-sorpresa-dirigir-ant-man\" \/>\n<meta property=\"og:locale\" content=\"es_ES\" \/>\n<meta property=\"og:type\" content=\"article\" \/>\n<meta property=\"og:title\" content=\"Adam McKay es el elegido y salvo sorpresa dirigir\u00e1 Ant-Man\" \/>\n<meta property=\"og:description\" content=\"Pues ya est\u00e1. El culebr\u00f3n Ant-Man (2015) toca a su final, o al menos en su fase de b\u00fasqueda de la discutible alternativa. Adam McKay se perfila como ele...\" \/>\n<meta property=\"og:url\" content=\"https:\/\/www.uruloki.org\/felipeblog\/cine-de-comics\/adam-mckay-es-el-elegido-y-salvo-sorpresa-dirigir-ant-man\" \/>\n<meta property=\"og:site_name\" content=\"Uruloki :: Blog\" \/>\n<meta property=\"article:publisher\" content=\"https:\/\/www.facebook.com\/uruloki.org\" \/>\n<meta property=\"article:published_time\" content=\"2014-05-31T08:08:53+00:00\" \/>\n<meta property=\"article:modified_time\" content=\"2014-05-31T18:01:30+00:00\" \/>\n<meta property=\"og:image\" content=\"https:\/\/uruloki.org\/felipeblog\/images2014-1\/20140530-adammckay.jpg\" \/>\n<meta name=\"author\" content=\"Uruloki\" \/>\n<meta name=\"twitter:card\" content=\"summary_large_image\" \/>\n<meta name=\"twitter:creator\" content=\"@uruloki\" \/>\n<meta name=\"twitter:site\" content=\"@uruloki\" \/>\n<meta name=\"twitter:label1\" content=\"Escrito por\" \/>\n\t<meta name=\"twitter:data1\" content=\"Uruloki\" \/>\n\t<meta name=\"twitter:label2\" content=\"Tiempo de lectura\" \/>\n\t<meta name=\"twitter:data2\" content=\"2 minutos\" \/>\n<script type=\"application\/ld+json\" class=\"yoast-schema-graph\">{\"@context\":\"https:\/\/schema.org\",\"@graph\":[{\"@type\":\"WebPage\",\"@id\":\"https:\/\/www.uruloki.org\/felipeblog\/cine-de-comics\/adam-mckay-es-el-elegido-y-salvo-sorpresa-dirigir-ant-man\",\"url\":\"https:\/\/www.uruloki.org\/felipeblog\/cine-de-comics\/adam-mckay-es-el-elegido-y-salvo-sorpresa-dirigir-ant-man\",\"name\":\"Adam McKay es el elegido y salvo sorpresa dirigir\u00e1 Ant-Man\",\"isPartOf\":{\"@id\":\"https:\/\/www.uruloki.org\/felipeblog\/#website\"},\"primaryImageOfPage\":{\"@id\":\"https:\/\/www.uruloki.org\/felipeblog\/cine-de-comics\/adam-mckay-es-el-elegido-y-salvo-sorpresa-dirigir-ant-man#primaryimage\"},\"image\":{\"@id\":\"https:\/\/www.uruloki.org\/felipeblog\/cine-de-comics\/adam-mckay-es-el-elegido-y-salvo-sorpresa-dirigir-ant-man#primaryimage\"},\"thumbnailUrl\":\"https:\/\/uruloki.org\/felipeblog\/images2014-1\/20140530-adammckay.jpg\",\"datePublished\":\"2014-05-31T08:08:53+00:00\",\"dateModified\":\"2014-05-31T18:01:30+00:00\",\"author\":{\"@id\":\"https:\/\/www.uruloki.org\/felipeblog\/#\/schema\/person\/ddba06ddaa27edf0c370460d05c51bb3\"},\"description\":\"Pues ya est\u00e1. El culebr\u00f3n Ant-Man (2015) toca a su final, o al menos en su fase de b\u00fasqueda de la discutible alternativa. Adam McKay se perfila como ele...\",\"breadcrumb\":{\"@id\":\"https:\/\/www.uruloki.org\/felipeblog\/cine-de-comics\/adam-mckay-es-el-elegido-y-salvo-sorpresa-dirigir-ant-man#breadcrumb\"},\"inLanguage\":\"es\",\"potentialAction\":[{\"@type\":\"ReadAction\",\"target\":[\"https:\/\/www.uruloki.org\/felipeblog\/cine-de-comics\/adam-mckay-es-el-elegido-y-salvo-sorpresa-dirigir-ant-man\"]}]},{\"@type\":\"ImageObject\",\"inLanguage\":\"es\",\"@id\":\"https:\/\/www.uruloki.org\/felipeblog\/cine-de-comics\/adam-mckay-es-el-elegido-y-salvo-sorpresa-dirigir-ant-man#primaryimage\",\"url\":\"https:\/\/uruloki.org\/felipeblog\/images2014-1\/20140530-adammckay.jpg\",\"contentUrl\":\"https:\/\/uruloki.org\/felipeblog\/images2014-1\/20140530-adammckay.jpg\"},{\"@type\":\"BreadcrumbList\",\"@id\":\"https:\/\/www.uruloki.org\/felipeblog\/cine-de-comics\/adam-mckay-es-el-elegido-y-salvo-sorpresa-dirigir-ant-man#breadcrumb\",\"itemListElement\":[{\"@type\":\"ListItem\",\"position\":1,\"name\":\"Portada\",\"item\":\"https:\/\/www.uruloki.org\/felipeblog\"},{\"@type\":\"ListItem\",\"position\":2,\"name\":\"Adam McKay es el elegido y salvo sorpresa dirigir&aacute; Ant-Man (SORPRESA! McKay pasa y abandona!)&#8230;\"}]},{\"@type\":\"WebSite\",\"@id\":\"https:\/\/www.uruloki.org\/felipeblog\/#website\",\"url\":\"https:\/\/www.uruloki.org\/felipeblog\/\",\"name\":\"Uruloki :: Blog\",\"description\":\"Blog de cine, terror, ciencia ficci\u00f3n, fantas\u00eda y c\u00f3mics\",\"potentialAction\":[{\"@type\":\"SearchAction\",\"target\":{\"@type\":\"EntryPoint\",\"urlTemplate\":\"https:\/\/www.uruloki.org\/felipeblog\/?s={search_term_string}\"},\"query-input\":{\"@type\":\"PropertyValueSpecification\",\"valueRequired\":true,\"valueName\":\"search_term_string\"}}],\"inLanguage\":\"es\"},{\"@type\":\"Person\",\"@id\":\"https:\/\/www.uruloki.org\/felipeblog\/#\/schema\/person\/ddba06ddaa27edf0c370460d05c51bb3\",\"name\":\"Uruloki\",\"image\":{\"@type\":\"ImageObject\",\"inLanguage\":\"es\",\"@id\":\"https:\/\/www.uruloki.org\/felipeblog\/#\/schema\/person\/image\/\",\"url\":\"https:\/\/secure.gravatar.com\/avatar\/68d5301c5f52ba88fd63f02c75b8c4d1b3c3fc4b21e2998a1e98c4b3a54d9f7c?s=96&d=mm&r=g\",\"contentUrl\":\"https:\/\/secure.gravatar.com\/avatar\/68d5301c5f52ba88fd63f02c75b8c4d1b3c3fc4b21e2998a1e98c4b3a54d9f7c?s=96&d=mm&r=g\",\"caption\":\"Uruloki\"},\"sameAs\":[\"https:\/\/uruloki.org\"],\"url\":\"https:\/\/www.uruloki.org\/felipeblog\/author\/admin-2-2-2\"}]}<\/script>\n<!-- \/ Yoast SEO plugin. -->","yoast_head_json":{"title":"Adam McKay es el elegido y salvo sorpresa dirigir\u00e1 Ant-Man","description":"Pues ya est\u00e1. El culebr\u00f3n Ant-Man (2015) toca a su final, o al menos en su fase de b\u00fasqueda de la discutible alternativa. Adam McKay se perfila como ele...","robots":{"index":"index","follow":"follow","max-snippet":"max-snippet:-1","max-image-preview":"max-image-preview:large","max-video-preview":"max-video-preview:-1"},"canonical":"https:\/\/www.uruloki.org\/felipeblog\/cine-de-comics\/adam-mckay-es-el-elegido-y-salvo-sorpresa-dirigir-ant-man","og_locale":"es_ES","og_type":"article","og_title":"Adam McKay es el elegido y salvo sorpresa dirigir\u00e1 Ant-Man","og_description":"Pues ya est\u00e1. El culebr\u00f3n Ant-Man (2015) toca a su final, o al menos en su fase de b\u00fasqueda de la discutible alternativa. Adam McKay se perfila como ele...","og_url":"https:\/\/www.uruloki.org\/felipeblog\/cine-de-comics\/adam-mckay-es-el-elegido-y-salvo-sorpresa-dirigir-ant-man","og_site_name":"Uruloki :: Blog","article_publisher":"https:\/\/www.facebook.com\/uruloki.org","article_published_time":"2014-05-31T08:08:53+00:00","article_modified_time":"2014-05-31T18:01:30+00:00","og_image":[{"url":"https:\/\/uruloki.org\/felipeblog\/images2014-1\/20140530-adammckay.jpg","type":"","width":"","height":""}],"author":"Uruloki","twitter_card":"summary_large_image","twitter_creator":"@uruloki","twitter_site":"@uruloki","twitter_misc":{"Escrito por":"Uruloki","Tiempo de lectura":"2 minutos"},"schema":{"@context":"https:\/\/schema.org","@graph":[{"@type":"WebPage","@id":"https:\/\/www.uruloki.org\/felipeblog\/cine-de-comics\/adam-mckay-es-el-elegido-y-salvo-sorpresa-dirigir-ant-man","url":"https:\/\/www.uruloki.org\/felipeblog\/cine-de-comics\/adam-mckay-es-el-elegido-y-salvo-sorpresa-dirigir-ant-man","name":"Adam McKay es el elegido y salvo sorpresa dirigir\u00e1 Ant-Man","isPartOf":{"@id":"https:\/\/www.uruloki.org\/felipeblog\/#website"},"primaryImageOfPage":{"@id":"https:\/\/www.uruloki.org\/felipeblog\/cine-de-comics\/adam-mckay-es-el-elegido-y-salvo-sorpresa-dirigir-ant-man#primaryimage"},"image":{"@id":"https:\/\/www.uruloki.org\/felipeblog\/cine-de-comics\/adam-mckay-es-el-elegido-y-salvo-sorpresa-dirigir-ant-man#primaryimage"},"thumbnailUrl":"https:\/\/uruloki.org\/felipeblog\/images2014-1\/20140530-adammckay.jpg","datePublished":"2014-05-31T08:08:53+00:00","dateModified":"2014-05-31T18:01:30+00:00","author":{"@id":"https:\/\/www.uruloki.org\/felipeblog\/#\/schema\/person\/ddba06ddaa27edf0c370460d05c51bb3"},"description":"Pues ya est\u00e1. El culebr\u00f3n Ant-Man (2015) toca a su final, o al menos en su fase de b\u00fasqueda de la discutible alternativa. Adam McKay se perfila como ele...","breadcrumb":{"@id":"https:\/\/www.uruloki.org\/felipeblog\/cine-de-comics\/adam-mckay-es-el-elegido-y-salvo-sorpresa-dirigir-ant-man#breadcrumb"},"inLanguage":"es","potentialAction":[{"@type":"ReadAction","target":["https:\/\/www.uruloki.org\/felipeblog\/cine-de-comics\/adam-mckay-es-el-elegido-y-salvo-sorpresa-dirigir-ant-man"]}]},{"@type":"ImageObject","inLanguage":"es","@id":"https:\/\/www.uruloki.org\/felipeblog\/cine-de-comics\/adam-mckay-es-el-elegido-y-salvo-sorpresa-dirigir-ant-man#primaryimage","url":"https:\/\/uruloki.org\/felipeblog\/images2014-1\/20140530-adammckay.jpg","contentUrl":"https:\/\/uruloki.org\/felipeblog\/images2014-1\/20140530-adammckay.jpg"},{"@type":"BreadcrumbList","@id":"https:\/\/www.uruloki.org\/felipeblog\/cine-de-comics\/adam-mckay-es-el-elegido-y-salvo-sorpresa-dirigir-ant-man#breadcrumb","itemListElement":[{"@type":"ListItem","position":1,"name":"Portada","item":"https:\/\/www.uruloki.org\/felipeblog"},{"@type":"ListItem","position":2,"name":"Adam McKay es el elegido y salvo sorpresa dirigir&aacute; Ant-Man (SORPRESA! McKay pasa y abandona!)&#8230;"}]},{"@type":"WebSite","@id":"https:\/\/www.uruloki.org\/felipeblog\/#website","url":"https:\/\/www.uruloki.org\/felipeblog\/","name":"Uruloki :: Blog","description":"Blog de cine, terror, ciencia ficci\u00f3n, fantas\u00eda y c\u00f3mics","potentialAction":[{"@type":"SearchAction","target":{"@type":"EntryPoint","urlTemplate":"https:\/\/www.uruloki.org\/felipeblog\/?s={search_term_string}"},"query-input":{"@type":"PropertyValueSpecification","valueRequired":true,"valueName":"search_term_string"}}],"inLanguage":"es"},{"@type":"Person","@id":"https:\/\/www.uruloki.org\/felipeblog\/#\/schema\/person\/ddba06ddaa27edf0c370460d05c51bb3","name":"Uruloki","image":{"@type":"ImageObject","inLanguage":"es","@id":"https:\/\/www.uruloki.org\/felipeblog\/#\/schema\/person\/image\/","url":"https:\/\/secure.gravatar.com\/avatar\/68d5301c5f52ba88fd63f02c75b8c4d1b3c3fc4b21e2998a1e98c4b3a54d9f7c?s=96&d=mm&r=g","contentUrl":"https:\/\/secure.gravatar.com\/avatar\/68d5301c5f52ba88fd63f02c75b8c4d1b3c3fc4b21e2998a1e98c4b3a54d9f7c?s=96&d=mm&r=g","caption":"Uruloki"},"sameAs":["https:\/\/uruloki.org"],"url":"https:\/\/www.uruloki.org\/felipeblog\/author\/admin-2-2-2"}]}},"_links":{"self":[{"href":"https:\/\/www.uruloki.org\/felipeblog\/wp-json\/wp\/v2\/posts\/12866","targetHints":{"allow":["GET"]}}],"collection":[{"href":"https:\/\/www.uruloki.org\/felipeblog\/wp-json\/wp\/v2\/posts"}],"about":[{"href":"https:\/\/www.uruloki.org\/felipeblog\/wp-json\/wp\/v2\/types\/post"}],"author":[{"embeddable":true,"href":"https:\/\/www.uruloki.org\/felipeblog\/wp-json\/wp\/v2\/users\/28"}],"replies":[{"embeddable":true,"href":"https:\/\/www.uruloki.org\/felipeblog\/wp-json\/wp\/v2\/comments?post=12866"}],"version-history":[{"count":4,"href":"https:\/\/www.uruloki.org\/felipeblog\/wp-json\/wp\/v2\/posts\/12866\/revisions"}],"predecessor-version":[{"id":12870,"href":"https:\/\/www.uruloki.org\/felipeblog\/wp-json\/wp\/v2\/posts\/12866\/revisions\/12870"}],"wp:attachment":[{"href":"https:\/\/www.uruloki.org\/felipeblog\/wp-json\/wp\/v2\/media?parent=12866"}],"wp:term":[{"taxonomy":"category","embeddable":true,"href":"https:\/\/www.uruloki.org\/felipeblog\/wp-json\/wp\/v2\/categories?post=12866"},{"taxonomy":"post_tag","embeddable":true,"href":"https:\/\/www.uruloki.org\/felipeblog\/wp-json\/wp\/v2\/tags?post=12866"}],"curies":[{"name":"wp","href":"https:\/\/api.w.org\/{rel}","templated":true}]}}