{"id":12850,"date":"2014-05-28T23:23:26","date_gmt":"2014-05-28T21:23:26","guid":{"rendered":"https:\/\/uruloki.org\/felipeblog\/?p=12850"},"modified":"2014-05-28T23:23:26","modified_gmt":"2014-05-28T21:23:26","slug":"podr-marvel-cumplir-con-la-fecha-de-estreno-de-ant-man","status":"publish","type":"post","link":"https:\/\/www.uruloki.org\/felipeblog\/cine-de-comics\/podr-marvel-cumplir-con-la-fecha-de-estreno-de-ant-man","title":{"rendered":"&iquest;Podr&aacute; Marvel cumplir con la fecha de estreno de Ant-Man?&#8230;"},"content":{"rendered":"<p>Bueno, ma&ntilde;ana se celebra el D&iacute;a de la Ascensi&oacute;n y como es festivo pues aqu&iacute; uno que podr&aacute; aprovechar el tiempo para hacer otras cosillas. Pero antes de nada me pongo con el blog para dejaros con las &uacute;ltimas novedades.<\/p>\n<p>Para comenzar nada mejor que volver a hacerlo con <a href=\"https:\/\/uruloki.org\/felipeblog\/cine-de-cmics\/ant-man-se-queda-sin-edgar-wright-y-marvel-se-le-ajustan-las-fechas\">el <em>affaire<\/em> <strong>Edgar Wright<\/strong> \/ <strong>Marvel<\/strong> por <strong>Ant-Man<\/strong> (2015)<\/a>. Resulta que en The Hollywood Reporter publican un art&iacute;culo donde se recogen <a href=\"http:\/\/www.hollywoodreporter.com\/news\/why-ant-man-director-edgar-707374\" target=\"_blank\">las razones de la salida de <strong>Wright<\/strong> del proyecto y otros temas igualmente interesantes<\/a>. El tema que anota THR es el ya sabido problema de gui&oacute;n, una disputa por los cambios  mandados por los altos directivos del estudio sobre la visi&oacute;n de <strong>Wright<\/strong> y <strong>Joe Cornish<\/strong>. Por aqu&iacute; nada nuevo. Lo que no conoc&iacute;amos es que seg&uacute;n apuntan en la web  el inicio del rodaje, previsto para el 2 de junio, se ha tenido que aplazar por estos cambios de gui&oacute;n al 28 de julio. <\/p>\n<p class=\"centrado\"><img loading=\"lazy\" decoding=\"async\" src=\"https:\/\/uruloki.org\/felipeblog\/images2014-1\/20140528-antman.jpg\" alt=\"Viejos amigos que ahora y ano lo son...\" width=\"625\" height=\"414\" \/><br \/><em>Viejos amigos que ahora y ano lo son&#8230;<\/em><\/p>\n<p>La repentina y pol&eacute;mica salida de <strong>Wright<\/strong> sumar&aacute; con toda seguridad m&aacute;s retraso y m&aacute;s que habr&aacute; si tenemos en cuenta que con <strong>Wright<\/strong> se han dado el piro varias piezas claves de la producci&oacute;n, los jefes de varios departamentos que son fieles al director. <strong>Marvel<\/strong> indica que el gran desaf&iacute;o est&aacute; ahora en encontrar a un director que comulgue con la trabajada visi&oacute;n del proyecto, 8 a&ntilde;os de desarrollo, una que ahora el estudio califica de no v&aacute;lida desde hace   semanas. El problema tambi&eacute;n est&aacute; en el contrato de <strong>Paul Rudd<\/strong>, que dice que no abandonar&aacute; por ahora, pero debemos sumar otras cosas como el objetivo de estrenar el 17 de julio del 2015&#8230; con todos los tropiezos que hay en el camino van a encontrarse con menos de un a&ntilde;o para rodar y post-producci&oacute;n. <\/p>\n<p>Del art&iacute;culo vale mucho la pena una frase de un interno del estudio: &quot;<em>Kevin Feige y sus m&aacute;s directos colaboradores dirigen Marvel con una visi&oacute;n particular, pero cuando traes a un verdadero autor y lo lanzas a la arena esto es lo que obtienes<\/em>&quot;. Tambi&eacute;n es importante destacar eso de que cuando <strong>Wright<\/strong> y <strong>Feige<\/strong> comenzaron a colaborar en <strong>Ant-Man Marvel Studios<\/strong> no era lo que es ahora. Hoy en d&iacute;a esta compa&ntilde;&iacute;a funciona a un ritmo muy diferente y no duda en cambiar fichas con tal de que la rueda siga girando&#8230; <strong>Edward Norton<\/strong>, <strong>Terrence Howard<\/strong>, <strong>Patty Jenkins<\/strong>, <strong>Drew Goddard<\/strong>, etc.<\/p>\n","protected":false},"excerpt":{"rendered":"<p>Bueno, ma&ntilde;ana se celebra el D&iacute;a de la Ascensi&oacute;n y como es festivo pues aqu&iacute; uno que podr&aacute; aprovechar el tiempo para hacer otras cosillas. Pero antes de nada me pongo con el blog para dejaros con las &uacute;ltimas novedades. Para comenzar nada mejor que volver a hacerlo con el affaire Edgar Wright \/ Marvel [&hellip;]<\/p>\n","protected":false},"author":28,"featured_media":0,"comment_status":"open","ping_status":"open","sticky":false,"template":"","format":"standard","meta":{"footnotes":""},"categories":[10],"tags":[179],"class_list":["post-12850","post","type-post","status-publish","format-standard","hentry","category-cine-de-comics","tag-ant-man"],"yoast_head":"<!-- This site is optimized with the Yoast SEO plugin v24.3 - https:\/\/yoast.com\/wordpress\/plugins\/seo\/ -->\n<title>\u00bfPodr\u00e1 Marvel cumplir con la fecha de estreno de Ant-Man?<\/title>\n<meta name=\"description\" content=\"Para comenzar nada mejor que volver a hacerlo con el affaire Edgar Wright \/ Marvel por Ant-Man (2015). Resulta que en The Hollywood Reporter publican...\" \/>\n<meta name=\"robots\" content=\"index, follow, max-snippet:-1, max-image-preview:large, max-video-preview:-1\" \/>\n<link rel=\"canonical\" href=\"https:\/\/www.uruloki.org\/felipeblog\/cine-de-comics\/podr-marvel-cumplir-con-la-fecha-de-estreno-de-ant-man\" \/>\n<meta property=\"og:locale\" content=\"es_ES\" \/>\n<meta property=\"og:type\" content=\"article\" \/>\n<meta property=\"og:title\" content=\"\u00bfPodr\u00e1 Marvel cumplir con la fecha de estreno de Ant-Man?\" \/>\n<meta property=\"og:description\" content=\"Para comenzar nada mejor que volver a hacerlo con el affaire Edgar Wright \/ Marvel por Ant-Man (2015). Resulta que en The Hollywood Reporter publican...\" \/>\n<meta property=\"og:url\" content=\"https:\/\/www.uruloki.org\/felipeblog\/cine-de-comics\/podr-marvel-cumplir-con-la-fecha-de-estreno-de-ant-man\" \/>\n<meta property=\"og:site_name\" content=\"Uruloki :: Blog\" \/>\n<meta property=\"article:publisher\" content=\"https:\/\/www.facebook.com\/uruloki.org\" \/>\n<meta property=\"article:published_time\" content=\"2014-05-28T21:23:26+00:00\" \/>\n<meta property=\"og:image\" content=\"https:\/\/uruloki.org\/felipeblog\/images2014-1\/20140528-antman.jpg\" \/>\n<meta name=\"author\" content=\"Uruloki\" \/>\n<meta name=\"twitter:card\" content=\"summary_large_image\" \/>\n<meta name=\"twitter:creator\" content=\"@uruloki\" \/>\n<meta name=\"twitter:site\" content=\"@uruloki\" \/>\n<meta name=\"twitter:label1\" content=\"Escrito por\" \/>\n\t<meta name=\"twitter:data1\" content=\"Uruloki\" \/>\n\t<meta name=\"twitter:label2\" content=\"Tiempo de lectura\" \/>\n\t<meta name=\"twitter:data2\" content=\"2 minutos\" \/>\n<script type=\"application\/ld+json\" class=\"yoast-schema-graph\">{\"@context\":\"https:\/\/schema.org\",\"@graph\":[{\"@type\":\"WebPage\",\"@id\":\"https:\/\/www.uruloki.org\/felipeblog\/cine-de-comics\/podr-marvel-cumplir-con-la-fecha-de-estreno-de-ant-man\",\"url\":\"https:\/\/www.uruloki.org\/felipeblog\/cine-de-comics\/podr-marvel-cumplir-con-la-fecha-de-estreno-de-ant-man\",\"name\":\"\u00bfPodr\u00e1 Marvel cumplir con la fecha de estreno de Ant-Man?\",\"isPartOf\":{\"@id\":\"https:\/\/www.uruloki.org\/felipeblog\/#website\"},\"primaryImageOfPage\":{\"@id\":\"https:\/\/www.uruloki.org\/felipeblog\/cine-de-comics\/podr-marvel-cumplir-con-la-fecha-de-estreno-de-ant-man#primaryimage\"},\"image\":{\"@id\":\"https:\/\/www.uruloki.org\/felipeblog\/cine-de-comics\/podr-marvel-cumplir-con-la-fecha-de-estreno-de-ant-man#primaryimage\"},\"thumbnailUrl\":\"https:\/\/uruloki.org\/felipeblog\/images2014-1\/20140528-antman.jpg\",\"datePublished\":\"2014-05-28T21:23:26+00:00\",\"dateModified\":\"2014-05-28T21:23:26+00:00\",\"author\":{\"@id\":\"https:\/\/www.uruloki.org\/felipeblog\/#\/schema\/person\/ddba06ddaa27edf0c370460d05c51bb3\"},\"description\":\"Para comenzar nada mejor que volver a hacerlo con el affaire Edgar Wright \/ Marvel por Ant-Man (2015). Resulta que en The Hollywood Reporter publican...\",\"breadcrumb\":{\"@id\":\"https:\/\/www.uruloki.org\/felipeblog\/cine-de-comics\/podr-marvel-cumplir-con-la-fecha-de-estreno-de-ant-man#breadcrumb\"},\"inLanguage\":\"es\",\"potentialAction\":[{\"@type\":\"ReadAction\",\"target\":[\"https:\/\/www.uruloki.org\/felipeblog\/cine-de-comics\/podr-marvel-cumplir-con-la-fecha-de-estreno-de-ant-man\"]}]},{\"@type\":\"ImageObject\",\"inLanguage\":\"es\",\"@id\":\"https:\/\/www.uruloki.org\/felipeblog\/cine-de-comics\/podr-marvel-cumplir-con-la-fecha-de-estreno-de-ant-man#primaryimage\",\"url\":\"https:\/\/uruloki.org\/felipeblog\/images2014-1\/20140528-antman.jpg\",\"contentUrl\":\"https:\/\/uruloki.org\/felipeblog\/images2014-1\/20140528-antman.jpg\"},{\"@type\":\"BreadcrumbList\",\"@id\":\"https:\/\/www.uruloki.org\/felipeblog\/cine-de-comics\/podr-marvel-cumplir-con-la-fecha-de-estreno-de-ant-man#breadcrumb\",\"itemListElement\":[{\"@type\":\"ListItem\",\"position\":1,\"name\":\"Portada\",\"item\":\"https:\/\/www.uruloki.org\/felipeblog\"},{\"@type\":\"ListItem\",\"position\":2,\"name\":\"&iquest;Podr&aacute; Marvel cumplir con la fecha de estreno de Ant-Man?&#8230;\"}]},{\"@type\":\"WebSite\",\"@id\":\"https:\/\/www.uruloki.org\/felipeblog\/#website\",\"url\":\"https:\/\/www.uruloki.org\/felipeblog\/\",\"name\":\"Uruloki :: Blog\",\"description\":\"Blog de cine, terror, ciencia ficci\u00f3n, fantas\u00eda y c\u00f3mics\",\"potentialAction\":[{\"@type\":\"SearchAction\",\"target\":{\"@type\":\"EntryPoint\",\"urlTemplate\":\"https:\/\/www.uruloki.org\/felipeblog\/?s={search_term_string}\"},\"query-input\":{\"@type\":\"PropertyValueSpecification\",\"valueRequired\":true,\"valueName\":\"search_term_string\"}}],\"inLanguage\":\"es\"},{\"@type\":\"Person\",\"@id\":\"https:\/\/www.uruloki.org\/felipeblog\/#\/schema\/person\/ddba06ddaa27edf0c370460d05c51bb3\",\"name\":\"Uruloki\",\"image\":{\"@type\":\"ImageObject\",\"inLanguage\":\"es\",\"@id\":\"https:\/\/www.uruloki.org\/felipeblog\/#\/schema\/person\/image\/\",\"url\":\"https:\/\/secure.gravatar.com\/avatar\/68d5301c5f52ba88fd63f02c75b8c4d1b3c3fc4b21e2998a1e98c4b3a54d9f7c?s=96&d=mm&r=g\",\"contentUrl\":\"https:\/\/secure.gravatar.com\/avatar\/68d5301c5f52ba88fd63f02c75b8c4d1b3c3fc4b21e2998a1e98c4b3a54d9f7c?s=96&d=mm&r=g\",\"caption\":\"Uruloki\"},\"sameAs\":[\"https:\/\/uruloki.org\"],\"url\":\"https:\/\/www.uruloki.org\/felipeblog\/author\/admin-2-2-2\"}]}<\/script>\n<!-- \/ Yoast SEO plugin. -->","yoast_head_json":{"title":"\u00bfPodr\u00e1 Marvel cumplir con la fecha de estreno de Ant-Man?","description":"Para comenzar nada mejor que volver a hacerlo con el affaire Edgar Wright \/ Marvel por Ant-Man (2015). Resulta que en The Hollywood Reporter publican...","robots":{"index":"index","follow":"follow","max-snippet":"max-snippet:-1","max-image-preview":"max-image-preview:large","max-video-preview":"max-video-preview:-1"},"canonical":"https:\/\/www.uruloki.org\/felipeblog\/cine-de-comics\/podr-marvel-cumplir-con-la-fecha-de-estreno-de-ant-man","og_locale":"es_ES","og_type":"article","og_title":"\u00bfPodr\u00e1 Marvel cumplir con la fecha de estreno de Ant-Man?","og_description":"Para comenzar nada mejor que volver a hacerlo con el affaire Edgar Wright \/ Marvel por Ant-Man (2015). Resulta que en The Hollywood Reporter publican...","og_url":"https:\/\/www.uruloki.org\/felipeblog\/cine-de-comics\/podr-marvel-cumplir-con-la-fecha-de-estreno-de-ant-man","og_site_name":"Uruloki :: Blog","article_publisher":"https:\/\/www.facebook.com\/uruloki.org","article_published_time":"2014-05-28T21:23:26+00:00","og_image":[{"url":"https:\/\/uruloki.org\/felipeblog\/images2014-1\/20140528-antman.jpg","type":"","width":"","height":""}],"author":"Uruloki","twitter_card":"summary_large_image","twitter_creator":"@uruloki","twitter_site":"@uruloki","twitter_misc":{"Escrito por":"Uruloki","Tiempo de lectura":"2 minutos"},"schema":{"@context":"https:\/\/schema.org","@graph":[{"@type":"WebPage","@id":"https:\/\/www.uruloki.org\/felipeblog\/cine-de-comics\/podr-marvel-cumplir-con-la-fecha-de-estreno-de-ant-man","url":"https:\/\/www.uruloki.org\/felipeblog\/cine-de-comics\/podr-marvel-cumplir-con-la-fecha-de-estreno-de-ant-man","name":"\u00bfPodr\u00e1 Marvel cumplir con la fecha de estreno de Ant-Man?","isPartOf":{"@id":"https:\/\/www.uruloki.org\/felipeblog\/#website"},"primaryImageOfPage":{"@id":"https:\/\/www.uruloki.org\/felipeblog\/cine-de-comics\/podr-marvel-cumplir-con-la-fecha-de-estreno-de-ant-man#primaryimage"},"image":{"@id":"https:\/\/www.uruloki.org\/felipeblog\/cine-de-comics\/podr-marvel-cumplir-con-la-fecha-de-estreno-de-ant-man#primaryimage"},"thumbnailUrl":"https:\/\/uruloki.org\/felipeblog\/images2014-1\/20140528-antman.jpg","datePublished":"2014-05-28T21:23:26+00:00","dateModified":"2014-05-28T21:23:26+00:00","author":{"@id":"https:\/\/www.uruloki.org\/felipeblog\/#\/schema\/person\/ddba06ddaa27edf0c370460d05c51bb3"},"description":"Para comenzar nada mejor que volver a hacerlo con el affaire Edgar Wright \/ Marvel por Ant-Man (2015). Resulta que en The Hollywood Reporter publican...","breadcrumb":{"@id":"https:\/\/www.uruloki.org\/felipeblog\/cine-de-comics\/podr-marvel-cumplir-con-la-fecha-de-estreno-de-ant-man#breadcrumb"},"inLanguage":"es","potentialAction":[{"@type":"ReadAction","target":["https:\/\/www.uruloki.org\/felipeblog\/cine-de-comics\/podr-marvel-cumplir-con-la-fecha-de-estreno-de-ant-man"]}]},{"@type":"ImageObject","inLanguage":"es","@id":"https:\/\/www.uruloki.org\/felipeblog\/cine-de-comics\/podr-marvel-cumplir-con-la-fecha-de-estreno-de-ant-man#primaryimage","url":"https:\/\/uruloki.org\/felipeblog\/images2014-1\/20140528-antman.jpg","contentUrl":"https:\/\/uruloki.org\/felipeblog\/images2014-1\/20140528-antman.jpg"},{"@type":"BreadcrumbList","@id":"https:\/\/www.uruloki.org\/felipeblog\/cine-de-comics\/podr-marvel-cumplir-con-la-fecha-de-estreno-de-ant-man#breadcrumb","itemListElement":[{"@type":"ListItem","position":1,"name":"Portada","item":"https:\/\/www.uruloki.org\/felipeblog"},{"@type":"ListItem","position":2,"name":"&iquest;Podr&aacute; Marvel cumplir con la fecha de estreno de Ant-Man?&#8230;"}]},{"@type":"WebSite","@id":"https:\/\/www.uruloki.org\/felipeblog\/#website","url":"https:\/\/www.uruloki.org\/felipeblog\/","name":"Uruloki :: Blog","description":"Blog de cine, terror, ciencia ficci\u00f3n, fantas\u00eda y c\u00f3mics","potentialAction":[{"@type":"SearchAction","target":{"@type":"EntryPoint","urlTemplate":"https:\/\/www.uruloki.org\/felipeblog\/?s={search_term_string}"},"query-input":{"@type":"PropertyValueSpecification","valueRequired":true,"valueName":"search_term_string"}}],"inLanguage":"es"},{"@type":"Person","@id":"https:\/\/www.uruloki.org\/felipeblog\/#\/schema\/person\/ddba06ddaa27edf0c370460d05c51bb3","name":"Uruloki","image":{"@type":"ImageObject","inLanguage":"es","@id":"https:\/\/www.uruloki.org\/felipeblog\/#\/schema\/person\/image\/","url":"https:\/\/secure.gravatar.com\/avatar\/68d5301c5f52ba88fd63f02c75b8c4d1b3c3fc4b21e2998a1e98c4b3a54d9f7c?s=96&d=mm&r=g","contentUrl":"https:\/\/secure.gravatar.com\/avatar\/68d5301c5f52ba88fd63f02c75b8c4d1b3c3fc4b21e2998a1e98c4b3a54d9f7c?s=96&d=mm&r=g","caption":"Uruloki"},"sameAs":["https:\/\/uruloki.org"],"url":"https:\/\/www.uruloki.org\/felipeblog\/author\/admin-2-2-2"}]}},"_links":{"self":[{"href":"https:\/\/www.uruloki.org\/felipeblog\/wp-json\/wp\/v2\/posts\/12850","targetHints":{"allow":["GET"]}}],"collection":[{"href":"https:\/\/www.uruloki.org\/felipeblog\/wp-json\/wp\/v2\/posts"}],"about":[{"href":"https:\/\/www.uruloki.org\/felipeblog\/wp-json\/wp\/v2\/types\/post"}],"author":[{"embeddable":true,"href":"https:\/\/www.uruloki.org\/felipeblog\/wp-json\/wp\/v2\/users\/28"}],"replies":[{"embeddable":true,"href":"https:\/\/www.uruloki.org\/felipeblog\/wp-json\/wp\/v2\/comments?post=12850"}],"version-history":[{"count":1,"href":"https:\/\/www.uruloki.org\/felipeblog\/wp-json\/wp\/v2\/posts\/12850\/revisions"}],"predecessor-version":[{"id":12851,"href":"https:\/\/www.uruloki.org\/felipeblog\/wp-json\/wp\/v2\/posts\/12850\/revisions\/12851"}],"wp:attachment":[{"href":"https:\/\/www.uruloki.org\/felipeblog\/wp-json\/wp\/v2\/media?parent=12850"}],"wp:term":[{"taxonomy":"category","embeddable":true,"href":"https:\/\/www.uruloki.org\/felipeblog\/wp-json\/wp\/v2\/categories?post=12850"},{"taxonomy":"post_tag","embeddable":true,"href":"https:\/\/www.uruloki.org\/felipeblog\/wp-json\/wp\/v2\/tags?post=12850"}],"curies":[{"name":"wp","href":"https:\/\/api.w.org\/{rel}","templated":true}]}}