{"id":12834,"date":"2014-05-24T00:45:11","date_gmt":"2014-05-23T22:45:11","guid":{"rendered":"https:\/\/uruloki.org\/felipeblog\/?p=12834"},"modified":"2014-05-24T00:45:11","modified_gmt":"2014-05-23T22:45:11","slug":"ya-podemos-ver-la-primera-promo-del-nuevo-doctor-encarnado-por-peter-capaldi-legendary-confirma-que-gareth-edwards-estar-en-godzilla-2-y-puede-que-3-ese-es-el-plan-el-weste","status":"publish","type":"post","link":"https:\/\/www.uruloki.org\/felipeblog\/cine\/ya-podemos-ver-la-primera-promo-del-nuevo-doctor-encarnado-por-peter-capaldi-legendary-confirma-que-gareth-edwards-estar-en-godzilla-2-y-puede-que-3-ese-es-el-plan-el-weste","title":{"rendered":"Ya podemos ver la primera promo del nuevo &quot;Doctor Who&quot; encarnado por Peter Capaldi, Legendary confirma que Gareth Edwards estar&aacute; en Godzilla 2 y puede que 3 (ese es el plan), el western In a Valley of Violence aumenta de valor con Taissa Farmiga y Karen Gillian, Quentin Tarantino quiere montar en formato mini-serie las 4 horas reales del metraje de Django desencadenado, &iquest;puede Alfonso Cuar&oacute;n hacer una reserva en The Overlook Hotel?, un par m&aacute;s de proyectos de terror que ser&aacute;n conocidos como The Forest y &quot;South of Hell&quot; (este con Eli Roth), y muy simp&aacute;tico este cartel de &quot;Dominion&quot;&#8230;"},"content":{"rendered":"<p>Costar&aacute; recuperarse de <a href=\"https:\/\/uruloki.org\/felipeblog\/cine-de-cmics\/ant-man-se-queda-sin-edgar-wright-y-marvel-se-le-ajustan-las-fechas\">la salida de <strong>Edgar Wright<\/strong> de <strong>Ant-Man<\/strong><\/a>, pero hay que seguir d&aacute;ndole vida al blog porque a lo hecho pecho. Para comenzar hay que comentar eso de que tras el anuncio de <strong>Lucasfilm<\/strong> de esta madrugada por el cual <a href=\"https:\/\/uruloki.org\/felipeblog\/cine-de-ciencia-ficcin\/el-meteorito-gareth-edwards-llega-star-wars-en-dos-pelculas\"><strong>Gareth Edwards<\/strong> se va de paseo al universo <strong>Star Wars<\/strong><\/a>, el jefazo <strong>Thomas Tull<\/strong> de <strong>Legendary<\/strong> se ha apurado a indicar que <a href=\"http:\/\/www.hollywoodreporter.com\/heat-vision\/star-wars-spinoff-hires-godzilla-706636\" target=\"_blank\">el susodicho sigue vinculado a <strong>Godzilla 2<\/strong> (&iquest;?), y <strong>Godzilla 3<\/strong> (&iquest;?), siempre que haya historia<\/a> que contar. Veremos como arreglan <strong>Warner Bros.<\/strong> y <strong>Disney<\/strong>, las dos grandes peg&aacute;ndose por los servicios de una persona, pero con la fecha del <em>spin-off<\/em> de <strong>Star Wars<\/strong> ya decidido se lo veo mal a la primera. Pues nada, as&iacute; est&aacute;n las cosas, os dejo para animaros con el primer avance del nuevo <strong>&quot;Doctor Who&quot;<\/strong> (2005-&iquest;?), estreno en agosto, y aunque no es que se vea a <strong>Peter Capaldi<\/strong>, m&aacute;s bien solamente su silueta, mola.<\/p>\n<div class=\"video\"><iframe loading=\"lazy\" width=\"100%\" height=\"380\" src=\"\/\/www.youtube.com\/embed\/QYN6ruU672Y\" allowfullscreen=\"true\"><\/iframe><\/div>\n<p>Atenci&oacute;n  a la buena pinta que est&aacute; tomando nuevo proyecto de <strong>Ti West<\/strong>. El especialista del mundillo del terror &#8211; <strong>La casa del diablo<\/strong> (<em>The House of the Devil<\/em>, 2009), <strong>Los hu&eacute;spedes<\/strong> (<em>The Innkeepers<\/em>, 2011), <strong>V\/H\/S<\/strong> (2012) o  <strong>The Sacrament<\/strong> (2013) &#8211; fue <a href=\"https:\/\/uruloki.org\/felipeblog\/cine\/warner-bros-contrata-su-peter-pan-y-descubre-la-extraa-versin-de-la-obra-de-j-m-barrie-sofia-coppola-se-anima-con-la-fantasa-de-la-sirenita-una-nueva-imagen-d\">presentado por <strong>Blumhouse<\/strong> no hace mucho<\/a> como hombre al mando de <strong>In a Valley of Violence<\/strong> (2015), un western diferente que nos llevar&aacute; a finales del siglo XIX donde <strong>Paul<\/strong> (<em>Ethan Hawke<\/em>), un vagabundo con nada que perder, busca venganza contra aquellos que acabaron con su mejor amigo. Junto a <strong>Hawke<\/strong> tenemos a <strong>John Travolta<\/strong>, me mata, pero ahora <a href=\"http:\/\/www.deadline.com\/2014\/05\/taissa-farmiga-in-a-valley-of-violence-ti-west-ethan-hawke-john-travolta\/\" target=\"_blank\">debemos sumar a <strong>Taissa Farmiga<\/strong><\/a>, la herman&iacute;sima peque&ntilde;a de <strong>Vera Farmiga<\/strong> y fabulosa en <strong>Mindscape<\/strong> (2012), y <a href=\"http:\/\/www.deadline.com\/2014\/05\/karen-gillan-in-a-valley-of-violence-oculus-doctor-who\/\" target=\"_blank\">a <strong>Karen Gillian<\/strong> hace un ratillo<\/a>. La <strong>Farmiga<\/strong> y <strong>Gillian<\/strong> ser&aacute;n dos hermanas que regentan un hotel en el pueblo al que llega el personaje de <strong>Hawke<\/strong> y que optar&aacute;n por ayudar a este en su b&uacute;squeda de venganza. Y hablando de western, <a href=\"http:\/\/www.deadline.com\/2014\/05\/cannes-quentin-tarantino-on-digital-as-the-death-of-cinema-a-django-miniseries-hateful-eight-prospects-more\/\" target=\"_blank\"><strong>Quentin Tarantino<\/strong>, de paseo por Cannes<\/a>, ha dejado caer que no descarta hacer una mini-serie de <strong>Django desencadenado<\/strong> (<em>Django Unchained<\/em>, 2012)&#8230; m&aacute;s o menos. Comenta que tiene 90 minutos extra del film, no proyectados, y que le gustar&iacute;a hacer el montaje completo, 4 horas, y pasarla como una mini-serie de cuatro episodios a emitir en un canal de cable. Que lo haga. Vuelve a hablar tambi&eacute;n de <strong>The Hateful Eight<\/strong> (&iquest;?) y de que la herida va sanando, y que puede que la ruede alg&uacute;n d&iacute;a, puede que la destine a teatro o puede que la edite el libro. El tiempo decidir&aacute; pero reconoce no tener prisa ninguna por tomar una decisi&oacute;n.<\/p>\n<div class=\"video\"><iframe loading=\"lazy\" width=\"100%\" height=\"380\" src=\"\/\/www.youtube.com\/embed\/qgJ2ldT_cgk\" allowfullscreen=\"true\"><\/iframe><\/div>\n<p>Vayamos con m&aacute;s cosillas breves. Rumor de la gente de Schmoes Know que pone a <a href=\"http:\/\/schmoesknow.com\/hot-scoop-will-alfonso-cuaron-book-a-room-at-the-overlook-hotel\/23609\/\" target=\"_blank\"><strong>Alfonso Cuar&oacute;n<\/strong> tras la estela de <strong>The Overlook Hotel<\/strong> (&iquest;?) para <strong>Warner Bros.<\/strong><\/a>, la precuela de <strong>El resplandor<\/strong> (<em>The Shinning<\/em>, 1980). Lo m&aacute;s llamativo del tema, que <a href=\"https:\/\/uruloki.org\/felipeblog\/cine-de-ciencia-ficcin\/si-se-cumplen-los-rumores-jurassic-world-puede-ser-una-buena-paja-mental-disney-y-marvel-descubren-nuevas-imgenes-de-big-hero-6-puede-que-alfonso-cuarn-regrese-al-mundo-potter-con-fa\">el mismo estudio que le busca para <strong>Fantastic Beast and Where to Find Them<\/strong><\/a> le quiera ahora para el genial universo <strong>Stephen King<\/strong>. Curioso. <strong>Duncan Jones<\/strong> cuenta en su cuenta de twitter que <a href=\"https:\/\/twitter.com\/ManMadeMoon\/statuses\/469811946531721217\" target=\"_blank\">el rodaje de la fotograf&iacute;a principal de <strong>Warcraft<\/strong> (2016) ya est&aacute; completado<\/a>. Ahora les queda por delante casi 2 a&ntilde;os para post-producci&oacute;n y promoci&oacute;n. Habr&aacute; que seguir la evoluci&oacute;n. Tambi&eacute;n se ve que <a href=\"http:\/\/www.dailymail.co.uk\/tvshowbiz\/article-2636101\/Sir-Ridley-Scott-Australia-scouting-locations-Prometheus-2.html\" target=\"_blank\"><strong>Ridley Scott<\/strong> ha sido visto en Australia visitando los estudios de <strong>Fox<\/strong> en Sidney<\/a> de cara a concretar localizaciones para el rodaje de &iquest;<strong>Prometheus 2<\/strong>? No queda claro si es para este o para, por ejemplo, <strong>The Martian<\/strong> (&iquest;?), pero lo cierto es que en Australia ha estado.<\/p>\n<p class=\"centrado\"><img loading=\"lazy\" decoding=\"async\" src=\"https:\/\/uruloki.org\/felipeblog\/images2014-1\/20140524-dominion.jpg\" alt=\"Me ha molado este cartel de &quot;Dominion&quot;, serie del canal SyFy y secuela de Legi&oacute;n\" width=\"550\" height=\"779\" \/><br \/><em>Me ha molado este cartel de &quot;Dominion&quot;, serie del canal SyFy y secuela de Legi&oacute;n<\/em> <\/p>\n<p>Para terminar se ve que <a href=\"http:\/\/www.hollywoodreporter.com\/heat-vision\/focus-picks-up-david-goyer-706538\" target=\"_blank\"><strong>Focus Features<\/strong> se ha hecho con <strong>The Forest<\/strong> (&iquest;?), una idea de <strong>David S. Goyer<\/strong><\/a>, que cuenta ya con <strong>Jason Zada<\/strong> como director y gui&oacute;n de <strong>Sarah Cornwell<\/strong>. El film, terror sobrenatural, contar&aacute; la desventura de una joven que se va al Jap&oacute;n y al bosque Aokigahara para tratar de encontrar a su hermana desaparecida. Haciendo lo que no debe hacer se mete donde no debe para acabar descubriendo la verdad sobre el destino de su hermana&#8230; almas atormentadas y bastante cabreadas. Y tenemos tambi&eacute;n a <a href=\"http:\/\/insidetv.ew.com\/2014\/05\/22\/south-of-hell\/\" target=\"_blank\"><strong>WE tv<\/strong> contratando a <strong>Eli Roth<\/strong> para que se ponga al frente de <strong>&quot;Souht of Hell&quot;<\/strong> (&iquest;?)<\/a>, serie de televisi&oacute;n y canguelo sobre una joven cazadora de demonios de Savannah, Georgia, que debe luchar contra su propia posesi&oacute;n. Gui&oacute;n de <strong>Matt Lambert<\/strong> y <strong>James Manos Jr.<\/strong>, que aprovechar&aacute; para ser el <em>showrunner<\/em>. El personaje protagonista se llamar&aacute; <strong>Mar&iacute;a Abascal<\/strong>&#8230; <strong>Roth<\/strong> cada vez m&aacute;s unido a lo latino.<\/p>\n","protected":false},"excerpt":{"rendered":"<p>Costar&aacute; recuperarse de la salida de Edgar Wright de Ant-Man, pero hay que seguir d&aacute;ndole vida al blog porque a lo hecho pecho. Para comenzar hay que comentar eso de que tras el anuncio de Lucasfilm de esta madrugada por el cual Gareth Edwards se va de paseo al universo Star Wars, el jefazo Thomas [&hellip;]<\/p>\n","protected":false},"author":28,"featured_media":0,"comment_status":"open","ping_status":"open","sticky":false,"template":"","format":"standard","meta":{"footnotes":""},"categories":[6,8,12,9,22],"tags":[1706,544,1843,3028,2960,2224,3034,3033,2514,700],"class_list":["post-12834","post","type-post","status-publish","format-standard","hentry","category-cine","category-cine-de-ciencia-ficcion","category-cine-de-fantasia","category-cine-de-terror","category-grindhouse","tag-django-unchained","tag-doctor-who","tag-dominion","tag-godzilla-2","tag-in-a-valley-of-violence","tag-prometheus-2","tag-south-of-hell","tag-the-forest","tag-the-overlook-hotel","tag-warcraft"],"yoast_head":"<!-- This site is optimized with the Yoast SEO plugin v24.3 - https:\/\/yoast.com\/wordpress\/plugins\/seo\/ -->\n<title>La primera promo del nuevo &quot;Doctor Who&quot; con Peter Capaldi<\/title>\n<meta name=\"description\" content=\"Pues nada, as\u00ed est\u00e1n las cosas, os dejo para animaros con el primer avance del nuevo &quot;Doctor Who&quot; (2005-\u00bf?), estreno en agosto, y aunque no es que se vea a Peter Capaldi, m\u00e1s bien solamente su silueta, mola.\" \/>\n<meta name=\"robots\" content=\"index, follow, max-snippet:-1, max-image-preview:large, max-video-preview:-1\" \/>\n<link rel=\"canonical\" href=\"https:\/\/www.uruloki.org\/felipeblog\/cine\/ya-podemos-ver-la-primera-promo-del-nuevo-doctor-encarnado-por-peter-capaldi-legendary-confirma-que-gareth-edwards-estar-en-godzilla-2-y-puede-que-3-ese-es-el-plan-el-weste\" \/>\n<meta property=\"og:locale\" content=\"es_ES\" \/>\n<meta property=\"og:type\" content=\"article\" \/>\n<meta property=\"og:title\" content=\"La primera promo del nuevo &quot;Doctor Who&quot; con Peter Capaldi\" \/>\n<meta property=\"og:description\" content=\"Pues nada, as\u00ed est\u00e1n las cosas, os dejo para animaros con el primer avance del nuevo &quot;Doctor Who&quot; (2005-\u00bf?), estreno en agosto, y aunque no es que se vea a Peter Capaldi, m\u00e1s bien solamente su silueta, mola.\" \/>\n<meta property=\"og:url\" content=\"https:\/\/www.uruloki.org\/felipeblog\/cine\/ya-podemos-ver-la-primera-promo-del-nuevo-doctor-encarnado-por-peter-capaldi-legendary-confirma-que-gareth-edwards-estar-en-godzilla-2-y-puede-que-3-ese-es-el-plan-el-weste\" \/>\n<meta property=\"og:site_name\" content=\"Uruloki :: Blog\" \/>\n<meta property=\"article:publisher\" content=\"https:\/\/www.facebook.com\/uruloki.org\" \/>\n<meta property=\"article:published_time\" content=\"2014-05-23T22:45:11+00:00\" \/>\n<meta property=\"og:image\" content=\"https:\/\/uruloki.org\/felipeblog\/images2014-1\/20140524-dominion.jpg\" \/>\n<meta name=\"author\" content=\"Uruloki\" \/>\n<meta name=\"twitter:card\" content=\"summary_large_image\" \/>\n<meta name=\"twitter:creator\" content=\"@uruloki\" \/>\n<meta name=\"twitter:site\" content=\"@uruloki\" \/>\n<meta name=\"twitter:label1\" content=\"Escrito por\" \/>\n\t<meta name=\"twitter:data1\" content=\"Uruloki\" \/>\n\t<meta name=\"twitter:label2\" content=\"Tiempo de lectura\" \/>\n\t<meta name=\"twitter:data2\" content=\"4 minutos\" \/>\n<script type=\"application\/ld+json\" class=\"yoast-schema-graph\">{\"@context\":\"https:\/\/schema.org\",\"@graph\":[{\"@type\":\"WebPage\",\"@id\":\"https:\/\/www.uruloki.org\/felipeblog\/cine\/ya-podemos-ver-la-primera-promo-del-nuevo-doctor-encarnado-por-peter-capaldi-legendary-confirma-que-gareth-edwards-estar-en-godzilla-2-y-puede-que-3-ese-es-el-plan-el-weste\",\"url\":\"https:\/\/www.uruloki.org\/felipeblog\/cine\/ya-podemos-ver-la-primera-promo-del-nuevo-doctor-encarnado-por-peter-capaldi-legendary-confirma-que-gareth-edwards-estar-en-godzilla-2-y-puede-que-3-ese-es-el-plan-el-weste\",\"name\":\"La primera promo del nuevo \\\"Doctor Who\\\" con Peter Capaldi\",\"isPartOf\":{\"@id\":\"https:\/\/www.uruloki.org\/felipeblog\/#website\"},\"primaryImageOfPage\":{\"@id\":\"https:\/\/www.uruloki.org\/felipeblog\/cine\/ya-podemos-ver-la-primera-promo-del-nuevo-doctor-encarnado-por-peter-capaldi-legendary-confirma-que-gareth-edwards-estar-en-godzilla-2-y-puede-que-3-ese-es-el-plan-el-weste#primaryimage\"},\"image\":{\"@id\":\"https:\/\/www.uruloki.org\/felipeblog\/cine\/ya-podemos-ver-la-primera-promo-del-nuevo-doctor-encarnado-por-peter-capaldi-legendary-confirma-que-gareth-edwards-estar-en-godzilla-2-y-puede-que-3-ese-es-el-plan-el-weste#primaryimage\"},\"thumbnailUrl\":\"https:\/\/uruloki.org\/felipeblog\/images2014-1\/20140524-dominion.jpg\",\"datePublished\":\"2014-05-23T22:45:11+00:00\",\"dateModified\":\"2014-05-23T22:45:11+00:00\",\"author\":{\"@id\":\"https:\/\/www.uruloki.org\/felipeblog\/#\/schema\/person\/ddba06ddaa27edf0c370460d05c51bb3\"},\"description\":\"Pues nada, as\u00ed est\u00e1n las cosas, os dejo para animaros con el primer avance del nuevo \\\"Doctor Who\\\" (2005-\u00bf?), estreno en agosto, y aunque no es que se vea a Peter Capaldi, m\u00e1s bien solamente su silueta, mola.\",\"breadcrumb\":{\"@id\":\"https:\/\/www.uruloki.org\/felipeblog\/cine\/ya-podemos-ver-la-primera-promo-del-nuevo-doctor-encarnado-por-peter-capaldi-legendary-confirma-que-gareth-edwards-estar-en-godzilla-2-y-puede-que-3-ese-es-el-plan-el-weste#breadcrumb\"},\"inLanguage\":\"es\",\"potentialAction\":[{\"@type\":\"ReadAction\",\"target\":[\"https:\/\/www.uruloki.org\/felipeblog\/cine\/ya-podemos-ver-la-primera-promo-del-nuevo-doctor-encarnado-por-peter-capaldi-legendary-confirma-que-gareth-edwards-estar-en-godzilla-2-y-puede-que-3-ese-es-el-plan-el-weste\"]}]},{\"@type\":\"ImageObject\",\"inLanguage\":\"es\",\"@id\":\"https:\/\/www.uruloki.org\/felipeblog\/cine\/ya-podemos-ver-la-primera-promo-del-nuevo-doctor-encarnado-por-peter-capaldi-legendary-confirma-que-gareth-edwards-estar-en-godzilla-2-y-puede-que-3-ese-es-el-plan-el-weste#primaryimage\",\"url\":\"https:\/\/uruloki.org\/felipeblog\/images2014-1\/20140524-dominion.jpg\",\"contentUrl\":\"https:\/\/uruloki.org\/felipeblog\/images2014-1\/20140524-dominion.jpg\"},{\"@type\":\"BreadcrumbList\",\"@id\":\"https:\/\/www.uruloki.org\/felipeblog\/cine\/ya-podemos-ver-la-primera-promo-del-nuevo-doctor-encarnado-por-peter-capaldi-legendary-confirma-que-gareth-edwards-estar-en-godzilla-2-y-puede-que-3-ese-es-el-plan-el-weste#breadcrumb\",\"itemListElement\":[{\"@type\":\"ListItem\",\"position\":1,\"name\":\"Portada\",\"item\":\"https:\/\/www.uruloki.org\/felipeblog\"},{\"@type\":\"ListItem\",\"position\":2,\"name\":\"Ya podemos ver la primera promo del nuevo &quot;Doctor Who&quot; encarnado por Peter Capaldi, Legendary confirma que Gareth Edwards estar&aacute; en Godzilla 2 y puede que 3 (ese es el plan), el western In a Valley of Violence aumenta de valor con Taissa Farmiga y Karen Gillian, Quentin Tarantino quiere montar en formato mini-serie las 4 horas reales del metraje de Django desencadenado, &iquest;puede Alfonso Cuar&oacute;n hacer una reserva en The Overlook Hotel?, un par m&aacute;s de proyectos de terror que ser&aacute;n conocidos como The Forest y &quot;South of Hell&quot; (este con Eli Roth), y muy simp&aacute;tico este cartel de &quot;Dominion&quot;&#8230;\"}]},{\"@type\":\"WebSite\",\"@id\":\"https:\/\/www.uruloki.org\/felipeblog\/#website\",\"url\":\"https:\/\/www.uruloki.org\/felipeblog\/\",\"name\":\"Uruloki :: Blog\",\"description\":\"Blog de cine, terror, ciencia ficci\u00f3n, fantas\u00eda y c\u00f3mics\",\"potentialAction\":[{\"@type\":\"SearchAction\",\"target\":{\"@type\":\"EntryPoint\",\"urlTemplate\":\"https:\/\/www.uruloki.org\/felipeblog\/?s={search_term_string}\"},\"query-input\":{\"@type\":\"PropertyValueSpecification\",\"valueRequired\":true,\"valueName\":\"search_term_string\"}}],\"inLanguage\":\"es\"},{\"@type\":\"Person\",\"@id\":\"https:\/\/www.uruloki.org\/felipeblog\/#\/schema\/person\/ddba06ddaa27edf0c370460d05c51bb3\",\"name\":\"Uruloki\",\"image\":{\"@type\":\"ImageObject\",\"inLanguage\":\"es\",\"@id\":\"https:\/\/www.uruloki.org\/felipeblog\/#\/schema\/person\/image\/\",\"url\":\"https:\/\/secure.gravatar.com\/avatar\/68d5301c5f52ba88fd63f02c75b8c4d1b3c3fc4b21e2998a1e98c4b3a54d9f7c?s=96&d=mm&r=g\",\"contentUrl\":\"https:\/\/secure.gravatar.com\/avatar\/68d5301c5f52ba88fd63f02c75b8c4d1b3c3fc4b21e2998a1e98c4b3a54d9f7c?s=96&d=mm&r=g\",\"caption\":\"Uruloki\"},\"sameAs\":[\"https:\/\/uruloki.org\"],\"url\":\"https:\/\/www.uruloki.org\/felipeblog\/author\/admin-2-2-2\"}]}<\/script>\n<!-- \/ Yoast SEO plugin. -->","yoast_head_json":{"title":"La primera promo del nuevo \"Doctor Who\" con Peter Capaldi","description":"Pues nada, as\u00ed est\u00e1n las cosas, os dejo para animaros con el primer avance del nuevo \"Doctor Who\" (2005-\u00bf?), estreno en agosto, y aunque no es que se vea a Peter Capaldi, m\u00e1s bien solamente su silueta, mola.","robots":{"index":"index","follow":"follow","max-snippet":"max-snippet:-1","max-image-preview":"max-image-preview:large","max-video-preview":"max-video-preview:-1"},"canonical":"https:\/\/www.uruloki.org\/felipeblog\/cine\/ya-podemos-ver-la-primera-promo-del-nuevo-doctor-encarnado-por-peter-capaldi-legendary-confirma-que-gareth-edwards-estar-en-godzilla-2-y-puede-que-3-ese-es-el-plan-el-weste","og_locale":"es_ES","og_type":"article","og_title":"La primera promo del nuevo \"Doctor Who\" con Peter Capaldi","og_description":"Pues nada, as\u00ed est\u00e1n las cosas, os dejo para animaros con el primer avance del nuevo \"Doctor Who\" (2005-\u00bf?), estreno en agosto, y aunque no es que se vea a Peter Capaldi, m\u00e1s bien solamente su silueta, mola.","og_url":"https:\/\/www.uruloki.org\/felipeblog\/cine\/ya-podemos-ver-la-primera-promo-del-nuevo-doctor-encarnado-por-peter-capaldi-legendary-confirma-que-gareth-edwards-estar-en-godzilla-2-y-puede-que-3-ese-es-el-plan-el-weste","og_site_name":"Uruloki :: Blog","article_publisher":"https:\/\/www.facebook.com\/uruloki.org","article_published_time":"2014-05-23T22:45:11+00:00","og_image":[{"url":"https:\/\/uruloki.org\/felipeblog\/images2014-1\/20140524-dominion.jpg","type":"","width":"","height":""}],"author":"Uruloki","twitter_card":"summary_large_image","twitter_creator":"@uruloki","twitter_site":"@uruloki","twitter_misc":{"Escrito por":"Uruloki","Tiempo de lectura":"4 minutos"},"schema":{"@context":"https:\/\/schema.org","@graph":[{"@type":"WebPage","@id":"https:\/\/www.uruloki.org\/felipeblog\/cine\/ya-podemos-ver-la-primera-promo-del-nuevo-doctor-encarnado-por-peter-capaldi-legendary-confirma-que-gareth-edwards-estar-en-godzilla-2-y-puede-que-3-ese-es-el-plan-el-weste","url":"https:\/\/www.uruloki.org\/felipeblog\/cine\/ya-podemos-ver-la-primera-promo-del-nuevo-doctor-encarnado-por-peter-capaldi-legendary-confirma-que-gareth-edwards-estar-en-godzilla-2-y-puede-que-3-ese-es-el-plan-el-weste","name":"La primera promo del nuevo \"Doctor Who\" con Peter Capaldi","isPartOf":{"@id":"https:\/\/www.uruloki.org\/felipeblog\/#website"},"primaryImageOfPage":{"@id":"https:\/\/www.uruloki.org\/felipeblog\/cine\/ya-podemos-ver-la-primera-promo-del-nuevo-doctor-encarnado-por-peter-capaldi-legendary-confirma-que-gareth-edwards-estar-en-godzilla-2-y-puede-que-3-ese-es-el-plan-el-weste#primaryimage"},"image":{"@id":"https:\/\/www.uruloki.org\/felipeblog\/cine\/ya-podemos-ver-la-primera-promo-del-nuevo-doctor-encarnado-por-peter-capaldi-legendary-confirma-que-gareth-edwards-estar-en-godzilla-2-y-puede-que-3-ese-es-el-plan-el-weste#primaryimage"},"thumbnailUrl":"https:\/\/uruloki.org\/felipeblog\/images2014-1\/20140524-dominion.jpg","datePublished":"2014-05-23T22:45:11+00:00","dateModified":"2014-05-23T22:45:11+00:00","author":{"@id":"https:\/\/www.uruloki.org\/felipeblog\/#\/schema\/person\/ddba06ddaa27edf0c370460d05c51bb3"},"description":"Pues nada, as\u00ed est\u00e1n las cosas, os dejo para animaros con el primer avance del nuevo \"Doctor Who\" (2005-\u00bf?), estreno en agosto, y aunque no es que se vea a Peter Capaldi, m\u00e1s bien solamente su silueta, mola.","breadcrumb":{"@id":"https:\/\/www.uruloki.org\/felipeblog\/cine\/ya-podemos-ver-la-primera-promo-del-nuevo-doctor-encarnado-por-peter-capaldi-legendary-confirma-que-gareth-edwards-estar-en-godzilla-2-y-puede-que-3-ese-es-el-plan-el-weste#breadcrumb"},"inLanguage":"es","potentialAction":[{"@type":"ReadAction","target":["https:\/\/www.uruloki.org\/felipeblog\/cine\/ya-podemos-ver-la-primera-promo-del-nuevo-doctor-encarnado-por-peter-capaldi-legendary-confirma-que-gareth-edwards-estar-en-godzilla-2-y-puede-que-3-ese-es-el-plan-el-weste"]}]},{"@type":"ImageObject","inLanguage":"es","@id":"https:\/\/www.uruloki.org\/felipeblog\/cine\/ya-podemos-ver-la-primera-promo-del-nuevo-doctor-encarnado-por-peter-capaldi-legendary-confirma-que-gareth-edwards-estar-en-godzilla-2-y-puede-que-3-ese-es-el-plan-el-weste#primaryimage","url":"https:\/\/uruloki.org\/felipeblog\/images2014-1\/20140524-dominion.jpg","contentUrl":"https:\/\/uruloki.org\/felipeblog\/images2014-1\/20140524-dominion.jpg"},{"@type":"BreadcrumbList","@id":"https:\/\/www.uruloki.org\/felipeblog\/cine\/ya-podemos-ver-la-primera-promo-del-nuevo-doctor-encarnado-por-peter-capaldi-legendary-confirma-que-gareth-edwards-estar-en-godzilla-2-y-puede-que-3-ese-es-el-plan-el-weste#breadcrumb","itemListElement":[{"@type":"ListItem","position":1,"name":"Portada","item":"https:\/\/www.uruloki.org\/felipeblog"},{"@type":"ListItem","position":2,"name":"Ya podemos ver la primera promo del nuevo &quot;Doctor Who&quot; encarnado por Peter Capaldi, Legendary confirma que Gareth Edwards estar&aacute; en Godzilla 2 y puede que 3 (ese es el plan), el western In a Valley of Violence aumenta de valor con Taissa Farmiga y Karen Gillian, Quentin Tarantino quiere montar en formato mini-serie las 4 horas reales del metraje de Django desencadenado, &iquest;puede Alfonso Cuar&oacute;n hacer una reserva en The Overlook Hotel?, un par m&aacute;s de proyectos de terror que ser&aacute;n conocidos como The Forest y &quot;South of Hell&quot; (este con Eli Roth), y muy simp&aacute;tico este cartel de &quot;Dominion&quot;&#8230;"}]},{"@type":"WebSite","@id":"https:\/\/www.uruloki.org\/felipeblog\/#website","url":"https:\/\/www.uruloki.org\/felipeblog\/","name":"Uruloki :: Blog","description":"Blog de cine, terror, ciencia ficci\u00f3n, fantas\u00eda y c\u00f3mics","potentialAction":[{"@type":"SearchAction","target":{"@type":"EntryPoint","urlTemplate":"https:\/\/www.uruloki.org\/felipeblog\/?s={search_term_string}"},"query-input":{"@type":"PropertyValueSpecification","valueRequired":true,"valueName":"search_term_string"}}],"inLanguage":"es"},{"@type":"Person","@id":"https:\/\/www.uruloki.org\/felipeblog\/#\/schema\/person\/ddba06ddaa27edf0c370460d05c51bb3","name":"Uruloki","image":{"@type":"ImageObject","inLanguage":"es","@id":"https:\/\/www.uruloki.org\/felipeblog\/#\/schema\/person\/image\/","url":"https:\/\/secure.gravatar.com\/avatar\/68d5301c5f52ba88fd63f02c75b8c4d1b3c3fc4b21e2998a1e98c4b3a54d9f7c?s=96&d=mm&r=g","contentUrl":"https:\/\/secure.gravatar.com\/avatar\/68d5301c5f52ba88fd63f02c75b8c4d1b3c3fc4b21e2998a1e98c4b3a54d9f7c?s=96&d=mm&r=g","caption":"Uruloki"},"sameAs":["https:\/\/uruloki.org"],"url":"https:\/\/www.uruloki.org\/felipeblog\/author\/admin-2-2-2"}]}},"_links":{"self":[{"href":"https:\/\/www.uruloki.org\/felipeblog\/wp-json\/wp\/v2\/posts\/12834","targetHints":{"allow":["GET"]}}],"collection":[{"href":"https:\/\/www.uruloki.org\/felipeblog\/wp-json\/wp\/v2\/posts"}],"about":[{"href":"https:\/\/www.uruloki.org\/felipeblog\/wp-json\/wp\/v2\/types\/post"}],"author":[{"embeddable":true,"href":"https:\/\/www.uruloki.org\/felipeblog\/wp-json\/wp\/v2\/users\/28"}],"replies":[{"embeddable":true,"href":"https:\/\/www.uruloki.org\/felipeblog\/wp-json\/wp\/v2\/comments?post=12834"}],"version-history":[{"count":1,"href":"https:\/\/www.uruloki.org\/felipeblog\/wp-json\/wp\/v2\/posts\/12834\/revisions"}],"predecessor-version":[{"id":12835,"href":"https:\/\/www.uruloki.org\/felipeblog\/wp-json\/wp\/v2\/posts\/12834\/revisions\/12835"}],"wp:attachment":[{"href":"https:\/\/www.uruloki.org\/felipeblog\/wp-json\/wp\/v2\/media?parent=12834"}],"wp:term":[{"taxonomy":"category","embeddable":true,"href":"https:\/\/www.uruloki.org\/felipeblog\/wp-json\/wp\/v2\/categories?post=12834"},{"taxonomy":"post_tag","embeddable":true,"href":"https:\/\/www.uruloki.org\/felipeblog\/wp-json\/wp\/v2\/tags?post=12834"}],"curies":[{"name":"wp","href":"https:\/\/api.w.org\/{rel}","templated":true}]}}