{"id":12200,"date":"2014-02-08T20:02:09","date_gmt":"2014-02-08T19:02:09","guid":{"rendered":"https:\/\/uruloki.org\/felipeblog\/?p=12200"},"modified":"2014-02-08T20:02:09","modified_gmt":"2014-02-08T19:02:09","slug":"el-primer-spot-de-capitn-amrica-el-soldado-de-invierno-es-que-aporte-mucho-will-smith-se-da-de-baja-de-independence-day-2-y-la-fox-se-la-trae-al-pairo-paco-plaza-har-ci","status":"publish","type":"post","link":"https:\/\/www.uruloki.org\/felipeblog\/cine-de-ciencia-ficcion\/el-primer-spot-de-capitn-amrica-el-soldado-de-invierno-es-que-aporte-mucho-will-smith-se-da-de-baja-de-independence-day-2-y-la-fox-se-la-trae-al-pairo-paco-plaza-har-ci","title":{"rendered":"El primer spot de Capit&aacute;n Am&eacute;rica: el Soldado de Invierno no es que aporte mucho, Will Smith se da de baja de Independence Day 2 y a la Fox se la trae al pairo, Paco Plaza har&aacute; cine del teaser falso que se convirti&oacute; en c&oacute;mic conocido como Maldito viernes, y Terry Gilliam llevar&aacute; a las Islas Canarias el rodaje de The Man Who Killed Don Quixote&#8230;"},"content":{"rendered":"<p>D&iacute;a de poco movimiento as&iacute; que ideal para llevar a cabo otras cosas que ten&iacute;a pendientes, entre ellas irme al cine a ver <strong>La LEGO pel&iacute;cula<\/strong> (<em>The Lego Movie<\/em>, 2014) que todo el mundo lo est&aacute; flipando y le llevaba tiempo teniendo ganas. Mientras tantos os dejo con una cuantas cosillas. Por ejemplo con el primer spot de <strong>Capit&aacute;n Am&eacute;rica: el Soldado de Invierno<\/strong> (<em>Captain America: The Winter Soldier<\/em>, 2014). Tras bombardearnos con unos cuantos trailers y carteles comienza la temporada de spots que, la verdad, son recortes de los trailers con, por lo general, alguna imagen nueva que a estas alturas no creo que descubre nada que no supongamos va a ocurrir. Sea como fuere tiene buena pinta este nuevo paso de <strong>Marvel Studios<\/strong>.<\/p>\n<div class=\"video\"><iframe loading=\"lazy\" width=\"625\" height=\"380\" src=\"\/\/www.youtube.com\/embed\/6pZd1qq6s8Q\"><\/iframe><\/div>\n<p>M&aacute;s cosillas. Por ejemplo lo que adelanta Deadline y que no es m&aacute;s que <a href=\"http:\/\/www.deadline.com\/2014\/02\/no-independence-day-sequel-for-will-smith\/\" target=\"_blank\"><strong>Will Smith<\/strong> se apea de toda posibilidad de participar en la eternamente prometida y recientemente confirmada secuela de <strong>Independence Day<\/strong> (1996)<\/a>. <strong>Roland Emmerich<\/strong> y su inseparable, al menos en este plan, co-guionista y productor <strong>Dean Devlin<\/strong> se enfrentar&aacute;n a un nuevo desaf&iacute;o extraterrestre sin el consejo de <strong>Smith<\/strong>, actor que por otro lado lleva un par de a&ntilde;os ofreciendo una de cal y otra de arena. Deadline cuenta que fue el propio <strong>Smith<\/strong> el que se puso en contacto con los directivos de la <strong>20th Century Fox<\/strong> para comentarles el tema y que por lo tanto tengan tiempo suficiente para dar una vuelta al plan de cara al estreno de <strong>Independence Day 2<\/strong> (2016) el 4 de julio de dentro de dos a&ntilde;os. Se ve que <strong>Smith<\/strong> est&aacute; haciendo borr&oacute;n y cuenta nueva y <strong>Sony<\/strong> tampoco cuenta con el para regresar como <strong>J<\/strong> en la saga <strong>Hombres de Negro<\/strong>, el plan tras el &eacute;xito que fue <strong>Men in Black 3<\/strong> (2012), es sacarse de la manga un <em>reboot<\/em>. Por otro lado el gui&oacute;n de <strong>James Vanderbilt<\/strong> para <strong>Independence Day 2<\/strong>, basado en un primer borrador de <strong>Emmerich<\/strong> y <strong>Devlin<\/strong>, cuenta con dos rutas, en este caso escritos, diferentes. Una, la que se descartar&aacute;, es aquella en la que el <strong>Capit&aacute;n Steven Hiller<\/strong> (<em>Will Smith<\/em>) era el centro de la historia, la otra, la que se rodar&aacute;, supongo que ofrecer&aacute; un recuerdo al personaje y nada m&aacute;s.<\/p>\n<p class=\"centrado\"><img loading=\"lazy\" decoding=\"async\" src=\"https:\/\/uruloki.org\/felipeblog\/images2014-1\/20140208-malditoviernes.jpg\" alt=\"Paco Plaza presenta Maldito viernes\" width=\"550\" height=\"859\" \/><br \/><em>Paco Plaza presenta Maldito viernes<\/em> <\/p>\n<p>Tenemos tambi&eacute;n un nuevo proyecto de g&eacute;nero para el bueno de <strong>Paco Plaza<\/strong>. Cuentan en Variety que <a href=\"http:\/\/variety.com\/2014\/film\/festivals\/berlin-recs-paco-plaza-to-direct-damned-friday-adrian-guerra-to-produce-exclusive-1201088650\/\" target=\"_blank\"><strong>Plaza<\/strong> ha sido presentado como director de <strong>Maldito viernes<\/strong> (&iquest;?)<\/a> tras el anuncio del proyecto en Berl&iacute;n por parte de <strong>Nostromo Pictures<\/strong>, compa&ntilde;&iacute;a tras <strong>Emergo<\/strong> (2011), <strong>Luces rojas<\/strong> (2012) o <strong>Grand Piano<\/strong> (2013). El proyecto, ideado inicialmente como <em>teaser<\/em> falso para el <strong>Primer Festival Internacional de Trailers Falsos<\/strong> AKA <strong>Teaserland<\/strong> all&aacute; por el 2008, parte de <strong>Sitges<\/strong>, luego fue transformado en c&oacute;mic \/ novela gr&aacute;fica por el propio <strong>Plaza<\/strong>, guionista de la aventura, y el dibujante <strong>Joseph D&iacute;az<\/strong>. Pues nada, de <em>teaser<\/em> a c&oacute;mic y de c&oacute;mic a cine. El film contar&aacute; la historia de una joven llamada <strong>Pilar<\/strong>, <strong>Leticia Dolera<\/strong> ser&aacute; la protagonista, que debe hacer frente a un problema serio que se le viene encima&#8230; se est&aacute; convirtiendo en vampiro despu&eacute;s de que un mendigo le haya mordido. <strong>Paco Plaza<\/strong> se sabe vender y por ello ha declarado &quot;<em>He rodado una pel&iacute;cula de hombres lobo, unas cuantas de zombis, pero como fan del cine de terror, siento que quiero realizar una pel&iacute;cula de vampiros. Lo &uacute;nico que puedo decir de ella es que habr&aacute; mucha sangre<\/em>&quot;. Espero que sea diferente e innove frente a la propuesta de <strong>Afflicted<\/strong> (2013) de <strong>Derek Lee<\/strong> y <strong>Clif Prowse<\/strong>.<\/p>\n<div class=\"video\"><iframe loading=\"lazy\" width=\"625\" height=\"469\" src=\"\/\/www.youtube.com\/embed\/ObEdpbmKsW0\"><\/iframe><\/div>\n<p>Termino comentando eso de que <a href=\"http:\/\/www.empireonline.com\/news\/story.asp?NID=40080\" target=\"_blank\"><strong>Terry Gilliam<\/strong> pone en marcha <strong>The Man Who Killed Don Quixote<\/strong> (&iquest;?)<\/a>, su eterno proyecto, y que planea comenzar su rodaje en las Islas Canarias a partir del 29 de septiembre de este a&ntilde;o. Veremos si lo consigue, las intenciones son claras tras todo el movimiento, revisi&oacute;n del gui&oacute;n, <em>concept art<\/em>, que est&aacute; dando &uacute;ltimamente a esta vieja aventura. <strong>Adri&aacute;n Guerra<\/strong> de <strong>Nostromo Pictures<\/strong>, el mismo de <strong>Maldito Viernes<\/strong>, es el apoyo nacional al plan de <strong>Gilliam<\/strong>.<\/p>\n","protected":false},"excerpt":{"rendered":"<p>D&iacute;a de poco movimiento as&iacute; que ideal para llevar a cabo otras cosas que ten&iacute;a pendientes, entre ellas irme al cine a ver La LEGO pel&iacute;cula (The Lego Movie, 2014) que todo el mundo lo est&aacute; flipando y le llevaba tiempo teniendo ganas. Mientras tantos os dejo con una cuantas cosillas. Por ejemplo con el [&hellip;]<\/p>\n","protected":false},"author":28,"featured_media":0,"comment_status":"open","ping_status":"open","sticky":false,"template":"","format":"standard","meta":{"footnotes":""},"categories":[10,8,12,9,19],"tags":[2205,2874,2593,2910,2909],"class_list":["post-12200","post","type-post","status-publish","format-standard","hentry","category-cine-de-comics","category-cine-de-ciencia-ficcion","category-cine-de-fantasia","category-cine-de-terror","category-cine-inclasificable","tag-captain-america-the-winter-soldier","tag-don-quixote","tag-independence-day-2","tag-maldito-viernes","tag-the-man-who-killed-don-quixote"],"yoast_head":"<!-- This site is optimized with the Yoast SEO plugin v27.5 - https:\/\/yoast.com\/product\/yoast-seo-wordpress\/ -->\n<title>Will Smith se da de baja de Independence Day 2 y a la Fox le da igual<\/title>\n<meta name=\"description\" content=\"Adelanta Deadline y que no es m\u00e1s que Will Smith se apea de toda posibilidad de participar en la eternamente prometida y recientemente confirmada secuela de Independence Day (1996), Independence Day 2. Roland Emmerich y su inseparable, al menos en este plan, co-guionista y productor Dean Devlin se enfrentar\u00e1n a un nuevo desaf\u00edo extraterrestre sin el consejo de Smith, actor que por otro lado lleva un par de a\u00f1os ofreciendo una de cal y otra de arena.\" \/>\n<meta name=\"robots\" content=\"index, follow, max-snippet:-1, max-image-preview:large, max-video-preview:-1\" \/>\n<link rel=\"canonical\" href=\"https:\/\/www.uruloki.org\/felipeblog\/cine-de-ciencia-ficcion\/el-primer-spot-de-capitn-amrica-el-soldado-de-invierno-es-que-aporte-mucho-will-smith-se-da-de-baja-de-independence-day-2-y-la-fox-se-la-trae-al-pairo-paco-plaza-har-ci\" \/>\n<meta property=\"og:locale\" content=\"es_ES\" \/>\n<meta property=\"og:type\" content=\"article\" \/>\n<meta property=\"og:title\" content=\"Will Smith se da de baja de Independence Day 2 y a la Fox le da igual\" \/>\n<meta property=\"og:description\" content=\"Adelanta Deadline y que no es m\u00e1s que Will Smith se apea de toda posibilidad de participar en la eternamente prometida y recientemente confirmada secuela de Independence Day (1996), Independence Day 2. Roland Emmerich y su inseparable, al menos en este plan, co-guionista y productor Dean Devlin se enfrentar\u00e1n a un nuevo desaf\u00edo extraterrestre sin el consejo de Smith, actor que por otro lado lleva un par de a\u00f1os ofreciendo una de cal y otra de arena.\" \/>\n<meta property=\"og:url\" content=\"https:\/\/www.uruloki.org\/felipeblog\/cine-de-ciencia-ficcion\/el-primer-spot-de-capitn-amrica-el-soldado-de-invierno-es-que-aporte-mucho-will-smith-se-da-de-baja-de-independence-day-2-y-la-fox-se-la-trae-al-pairo-paco-plaza-har-ci\" \/>\n<meta property=\"og:site_name\" content=\"Uruloki :: Blog\" \/>\n<meta property=\"article:publisher\" content=\"https:\/\/www.facebook.com\/uruloki.org\" \/>\n<meta property=\"article:published_time\" content=\"2014-02-08T19:02:09+00:00\" \/>\n<meta property=\"og:image\" content=\"https:\/\/uruloki.org\/felipeblog\/images2014-1\/20140208-malditoviernes.jpg\" \/>\n<meta name=\"author\" content=\"Uruloki\" \/>\n<meta name=\"twitter:card\" content=\"summary_large_image\" \/>\n<meta name=\"twitter:creator\" content=\"@uruloki\" \/>\n<meta name=\"twitter:site\" content=\"@uruloki\" \/>\n<meta name=\"twitter:label1\" content=\"Escrito por\" \/>\n\t<meta name=\"twitter:data1\" content=\"Uruloki\" \/>\n\t<meta name=\"twitter:label2\" content=\"Tiempo de lectura\" \/>\n\t<meta name=\"twitter:data2\" content=\"4 minutos\" \/>\n<script type=\"application\/ld+json\" class=\"yoast-schema-graph\">{\"@context\":\"https:\\\/\\\/schema.org\",\"@graph\":[{\"@type\":\"Article\",\"@id\":\"https:\\\/\\\/www.uruloki.org\\\/felipeblog\\\/cine-de-ciencia-ficcion\\\/el-primer-spot-de-capitn-amrica-el-soldado-de-invierno-es-que-aporte-mucho-will-smith-se-da-de-baja-de-independence-day-2-y-la-fox-se-la-trae-al-pairo-paco-plaza-har-ci#article\",\"isPartOf\":{\"@id\":\"https:\\\/\\\/www.uruloki.org\\\/felipeblog\\\/cine-de-ciencia-ficcion\\\/el-primer-spot-de-capitn-amrica-el-soldado-de-invierno-es-que-aporte-mucho-will-smith-se-da-de-baja-de-independence-day-2-y-la-fox-se-la-trae-al-pairo-paco-plaza-har-ci\"},\"author\":{\"name\":\"Uruloki\",\"@id\":\"https:\\\/\\\/www.uruloki.org\\\/felipeblog\\\/#\\\/schema\\\/person\\\/ddba06ddaa27edf0c370460d05c51bb3\"},\"headline\":\"El primer spot de Capit&aacute;n Am&eacute;rica: el Soldado de Invierno no es que aporte mucho, Will Smith se da de baja de Independence Day 2 y a la Fox se la trae al pairo, Paco Plaza har&aacute; cine del teaser falso que se convirti&oacute; en c&oacute;mic conocido como Maldito viernes, y Terry Gilliam llevar&aacute; a las Islas Canarias el rodaje de The Man Who Killed Don Quixote&#8230;\",\"datePublished\":\"2014-02-08T19:02:09+00:00\",\"mainEntityOfPage\":{\"@id\":\"https:\\\/\\\/www.uruloki.org\\\/felipeblog\\\/cine-de-ciencia-ficcion\\\/el-primer-spot-de-capitn-amrica-el-soldado-de-invierno-es-que-aporte-mucho-will-smith-se-da-de-baja-de-independence-day-2-y-la-fox-se-la-trae-al-pairo-paco-plaza-har-ci\"},\"wordCount\":815,\"commentCount\":1,\"image\":{\"@id\":\"https:\\\/\\\/www.uruloki.org\\\/felipeblog\\\/cine-de-ciencia-ficcion\\\/el-primer-spot-de-capitn-amrica-el-soldado-de-invierno-es-que-aporte-mucho-will-smith-se-da-de-baja-de-independence-day-2-y-la-fox-se-la-trae-al-pairo-paco-plaza-har-ci#primaryimage\"},\"thumbnailUrl\":\"https:\\\/\\\/uruloki.org\\\/felipeblog\\\/images2014-1\\\/20140208-malditoviernes.jpg\",\"keywords\":[\"Captain America: The Winter Soldier\",\"Don Quixote\",\"Independence Day 2\",\"Maldito viernes\",\"The Man Who Killed Don Quixote\"],\"articleSection\":[\"Cine de C\u00f3mics\",\"Cine de Ciencia Ficci\u00f3n\",\"Cine de Fantas\u00eda\",\"Cine de Terror\",\"Cine Inclasificable\"],\"inLanguage\":\"es\",\"potentialAction\":[{\"@type\":\"CommentAction\",\"name\":\"Comment\",\"target\":[\"https:\\\/\\\/www.uruloki.org\\\/felipeblog\\\/cine-de-ciencia-ficcion\\\/el-primer-spot-de-capitn-amrica-el-soldado-de-invierno-es-que-aporte-mucho-will-smith-se-da-de-baja-de-independence-day-2-y-la-fox-se-la-trae-al-pairo-paco-plaza-har-ci#respond\"]}]},{\"@type\":\"WebPage\",\"@id\":\"https:\\\/\\\/www.uruloki.org\\\/felipeblog\\\/cine-de-ciencia-ficcion\\\/el-primer-spot-de-capitn-amrica-el-soldado-de-invierno-es-que-aporte-mucho-will-smith-se-da-de-baja-de-independence-day-2-y-la-fox-se-la-trae-al-pairo-paco-plaza-har-ci\",\"url\":\"https:\\\/\\\/www.uruloki.org\\\/felipeblog\\\/cine-de-ciencia-ficcion\\\/el-primer-spot-de-capitn-amrica-el-soldado-de-invierno-es-que-aporte-mucho-will-smith-se-da-de-baja-de-independence-day-2-y-la-fox-se-la-trae-al-pairo-paco-plaza-har-ci\",\"name\":\"Will Smith se da de baja de Independence Day 2 y a la Fox le da igual\",\"isPartOf\":{\"@id\":\"https:\\\/\\\/www.uruloki.org\\\/felipeblog\\\/#website\"},\"primaryImageOfPage\":{\"@id\":\"https:\\\/\\\/www.uruloki.org\\\/felipeblog\\\/cine-de-ciencia-ficcion\\\/el-primer-spot-de-capitn-amrica-el-soldado-de-invierno-es-que-aporte-mucho-will-smith-se-da-de-baja-de-independence-day-2-y-la-fox-se-la-trae-al-pairo-paco-plaza-har-ci#primaryimage\"},\"image\":{\"@id\":\"https:\\\/\\\/www.uruloki.org\\\/felipeblog\\\/cine-de-ciencia-ficcion\\\/el-primer-spot-de-capitn-amrica-el-soldado-de-invierno-es-que-aporte-mucho-will-smith-se-da-de-baja-de-independence-day-2-y-la-fox-se-la-trae-al-pairo-paco-plaza-har-ci#primaryimage\"},\"thumbnailUrl\":\"https:\\\/\\\/uruloki.org\\\/felipeblog\\\/images2014-1\\\/20140208-malditoviernes.jpg\",\"datePublished\":\"2014-02-08T19:02:09+00:00\",\"author\":{\"@id\":\"https:\\\/\\\/www.uruloki.org\\\/felipeblog\\\/#\\\/schema\\\/person\\\/ddba06ddaa27edf0c370460d05c51bb3\"},\"description\":\"Adelanta Deadline y que no es m\u00e1s que Will Smith se apea de toda posibilidad de participar en la eternamente prometida y recientemente confirmada secuela de Independence Day (1996), Independence Day 2. Roland Emmerich y su inseparable, al menos en este plan, co-guionista y productor Dean Devlin se enfrentar\u00e1n a un nuevo desaf\u00edo extraterrestre sin el consejo de Smith, actor que por otro lado lleva un par de a\u00f1os ofreciendo una de cal y otra de arena.\",\"breadcrumb\":{\"@id\":\"https:\\\/\\\/www.uruloki.org\\\/felipeblog\\\/cine-de-ciencia-ficcion\\\/el-primer-spot-de-capitn-amrica-el-soldado-de-invierno-es-que-aporte-mucho-will-smith-se-da-de-baja-de-independence-day-2-y-la-fox-se-la-trae-al-pairo-paco-plaza-har-ci#breadcrumb\"},\"inLanguage\":\"es\",\"potentialAction\":[{\"@type\":\"ReadAction\",\"target\":[\"https:\\\/\\\/www.uruloki.org\\\/felipeblog\\\/cine-de-ciencia-ficcion\\\/el-primer-spot-de-capitn-amrica-el-soldado-de-invierno-es-que-aporte-mucho-will-smith-se-da-de-baja-de-independence-day-2-y-la-fox-se-la-trae-al-pairo-paco-plaza-har-ci\"]}]},{\"@type\":\"ImageObject\",\"inLanguage\":\"es\",\"@id\":\"https:\\\/\\\/www.uruloki.org\\\/felipeblog\\\/cine-de-ciencia-ficcion\\\/el-primer-spot-de-capitn-amrica-el-soldado-de-invierno-es-que-aporte-mucho-will-smith-se-da-de-baja-de-independence-day-2-y-la-fox-se-la-trae-al-pairo-paco-plaza-har-ci#primaryimage\",\"url\":\"https:\\\/\\\/uruloki.org\\\/felipeblog\\\/images2014-1\\\/20140208-malditoviernes.jpg\",\"contentUrl\":\"https:\\\/\\\/uruloki.org\\\/felipeblog\\\/images2014-1\\\/20140208-malditoviernes.jpg\"},{\"@type\":\"BreadcrumbList\",\"@id\":\"https:\\\/\\\/www.uruloki.org\\\/felipeblog\\\/cine-de-ciencia-ficcion\\\/el-primer-spot-de-capitn-amrica-el-soldado-de-invierno-es-que-aporte-mucho-will-smith-se-da-de-baja-de-independence-day-2-y-la-fox-se-la-trae-al-pairo-paco-plaza-har-ci#breadcrumb\",\"itemListElement\":[{\"@type\":\"ListItem\",\"position\":1,\"name\":\"Portada\",\"item\":\"https:\\\/\\\/www.uruloki.org\\\/felipeblog\"},{\"@type\":\"ListItem\",\"position\":2,\"name\":\"El primer spot de Capit&aacute;n Am&eacute;rica: el Soldado de Invierno no es que aporte mucho, Will Smith se da de baja de Independence Day 2 y a la Fox se la trae al pairo, Paco Plaza har&aacute; cine del teaser falso que se convirti&oacute; en c&oacute;mic conocido como Maldito viernes, y Terry Gilliam llevar&aacute; a las Islas Canarias el rodaje de The Man Who Killed Don Quixote&#8230;\"}]},{\"@type\":\"WebSite\",\"@id\":\"https:\\\/\\\/www.uruloki.org\\\/felipeblog\\\/#website\",\"url\":\"https:\\\/\\\/www.uruloki.org\\\/felipeblog\\\/\",\"name\":\"Uruloki :: Blog\",\"description\":\"Blog de cine, terror, ciencia ficci\u00f3n, fantas\u00eda y c\u00f3mics\",\"potentialAction\":[{\"@type\":\"SearchAction\",\"target\":{\"@type\":\"EntryPoint\",\"urlTemplate\":\"https:\\\/\\\/www.uruloki.org\\\/felipeblog\\\/?s={search_term_string}\"},\"query-input\":{\"@type\":\"PropertyValueSpecification\",\"valueRequired\":true,\"valueName\":\"search_term_string\"}}],\"inLanguage\":\"es\"},{\"@type\":\"Person\",\"@id\":\"https:\\\/\\\/www.uruloki.org\\\/felipeblog\\\/#\\\/schema\\\/person\\\/ddba06ddaa27edf0c370460d05c51bb3\",\"name\":\"Uruloki\",\"image\":{\"@type\":\"ImageObject\",\"inLanguage\":\"es\",\"@id\":\"https:\\\/\\\/secure.gravatar.com\\\/avatar\\\/68d5301c5f52ba88fd63f02c75b8c4d1b3c3fc4b21e2998a1e98c4b3a54d9f7c?s=96&d=mm&r=g\",\"url\":\"https:\\\/\\\/secure.gravatar.com\\\/avatar\\\/68d5301c5f52ba88fd63f02c75b8c4d1b3c3fc4b21e2998a1e98c4b3a54d9f7c?s=96&d=mm&r=g\",\"contentUrl\":\"https:\\\/\\\/secure.gravatar.com\\\/avatar\\\/68d5301c5f52ba88fd63f02c75b8c4d1b3c3fc4b21e2998a1e98c4b3a54d9f7c?s=96&d=mm&r=g\",\"caption\":\"Uruloki\"},\"sameAs\":[\"https:\\\/\\\/uruloki.org\"],\"url\":\"https:\\\/\\\/www.uruloki.org\\\/felipeblog\\\/author\\\/admin-2-2-2\"}]}<\/script>\n<!-- \/ Yoast SEO plugin. -->","yoast_head_json":{"title":"Will Smith se da de baja de Independence Day 2 y a la Fox le da igual","description":"Adelanta Deadline y que no es m\u00e1s que Will Smith se apea de toda posibilidad de participar en la eternamente prometida y recientemente confirmada secuela de Independence Day (1996), Independence Day 2. Roland Emmerich y su inseparable, al menos en este plan, co-guionista y productor Dean Devlin se enfrentar\u00e1n a un nuevo desaf\u00edo extraterrestre sin el consejo de Smith, actor que por otro lado lleva un par de a\u00f1os ofreciendo una de cal y otra de arena.","robots":{"index":"index","follow":"follow","max-snippet":"max-snippet:-1","max-image-preview":"max-image-preview:large","max-video-preview":"max-video-preview:-1"},"canonical":"https:\/\/www.uruloki.org\/felipeblog\/cine-de-ciencia-ficcion\/el-primer-spot-de-capitn-amrica-el-soldado-de-invierno-es-que-aporte-mucho-will-smith-se-da-de-baja-de-independence-day-2-y-la-fox-se-la-trae-al-pairo-paco-plaza-har-ci","og_locale":"es_ES","og_type":"article","og_title":"Will Smith se da de baja de Independence Day 2 y a la Fox le da igual","og_description":"Adelanta Deadline y que no es m\u00e1s que Will Smith se apea de toda posibilidad de participar en la eternamente prometida y recientemente confirmada secuela de Independence Day (1996), Independence Day 2. Roland Emmerich y su inseparable, al menos en este plan, co-guionista y productor Dean Devlin se enfrentar\u00e1n a un nuevo desaf\u00edo extraterrestre sin el consejo de Smith, actor que por otro lado lleva un par de a\u00f1os ofreciendo una de cal y otra de arena.","og_url":"https:\/\/www.uruloki.org\/felipeblog\/cine-de-ciencia-ficcion\/el-primer-spot-de-capitn-amrica-el-soldado-de-invierno-es-que-aporte-mucho-will-smith-se-da-de-baja-de-independence-day-2-y-la-fox-se-la-trae-al-pairo-paco-plaza-har-ci","og_site_name":"Uruloki :: Blog","article_publisher":"https:\/\/www.facebook.com\/uruloki.org","article_published_time":"2014-02-08T19:02:09+00:00","og_image":[{"url":"https:\/\/uruloki.org\/felipeblog\/images2014-1\/20140208-malditoviernes.jpg","type":"","width":"","height":""}],"author":"Uruloki","twitter_card":"summary_large_image","twitter_creator":"@uruloki","twitter_site":"@uruloki","twitter_misc":{"Escrito por":"Uruloki","Tiempo de lectura":"4 minutos"},"schema":{"@context":"https:\/\/schema.org","@graph":[{"@type":"Article","@id":"https:\/\/www.uruloki.org\/felipeblog\/cine-de-ciencia-ficcion\/el-primer-spot-de-capitn-amrica-el-soldado-de-invierno-es-que-aporte-mucho-will-smith-se-da-de-baja-de-independence-day-2-y-la-fox-se-la-trae-al-pairo-paco-plaza-har-ci#article","isPartOf":{"@id":"https:\/\/www.uruloki.org\/felipeblog\/cine-de-ciencia-ficcion\/el-primer-spot-de-capitn-amrica-el-soldado-de-invierno-es-que-aporte-mucho-will-smith-se-da-de-baja-de-independence-day-2-y-la-fox-se-la-trae-al-pairo-paco-plaza-har-ci"},"author":{"name":"Uruloki","@id":"https:\/\/www.uruloki.org\/felipeblog\/#\/schema\/person\/ddba06ddaa27edf0c370460d05c51bb3"},"headline":"El primer spot de Capit&aacute;n Am&eacute;rica: el Soldado de Invierno no es que aporte mucho, Will Smith se da de baja de Independence Day 2 y a la Fox se la trae al pairo, Paco Plaza har&aacute; cine del teaser falso que se convirti&oacute; en c&oacute;mic conocido como Maldito viernes, y Terry Gilliam llevar&aacute; a las Islas Canarias el rodaje de The Man Who Killed Don Quixote&#8230;","datePublished":"2014-02-08T19:02:09+00:00","mainEntityOfPage":{"@id":"https:\/\/www.uruloki.org\/felipeblog\/cine-de-ciencia-ficcion\/el-primer-spot-de-capitn-amrica-el-soldado-de-invierno-es-que-aporte-mucho-will-smith-se-da-de-baja-de-independence-day-2-y-la-fox-se-la-trae-al-pairo-paco-plaza-har-ci"},"wordCount":815,"commentCount":1,"image":{"@id":"https:\/\/www.uruloki.org\/felipeblog\/cine-de-ciencia-ficcion\/el-primer-spot-de-capitn-amrica-el-soldado-de-invierno-es-que-aporte-mucho-will-smith-se-da-de-baja-de-independence-day-2-y-la-fox-se-la-trae-al-pairo-paco-plaza-har-ci#primaryimage"},"thumbnailUrl":"https:\/\/uruloki.org\/felipeblog\/images2014-1\/20140208-malditoviernes.jpg","keywords":["Captain America: The Winter Soldier","Don Quixote","Independence Day 2","Maldito viernes","The Man Who Killed Don Quixote"],"articleSection":["Cine de C\u00f3mics","Cine de Ciencia Ficci\u00f3n","Cine de Fantas\u00eda","Cine de Terror","Cine Inclasificable"],"inLanguage":"es","potentialAction":[{"@type":"CommentAction","name":"Comment","target":["https:\/\/www.uruloki.org\/felipeblog\/cine-de-ciencia-ficcion\/el-primer-spot-de-capitn-amrica-el-soldado-de-invierno-es-que-aporte-mucho-will-smith-se-da-de-baja-de-independence-day-2-y-la-fox-se-la-trae-al-pairo-paco-plaza-har-ci#respond"]}]},{"@type":"WebPage","@id":"https:\/\/www.uruloki.org\/felipeblog\/cine-de-ciencia-ficcion\/el-primer-spot-de-capitn-amrica-el-soldado-de-invierno-es-que-aporte-mucho-will-smith-se-da-de-baja-de-independence-day-2-y-la-fox-se-la-trae-al-pairo-paco-plaza-har-ci","url":"https:\/\/www.uruloki.org\/felipeblog\/cine-de-ciencia-ficcion\/el-primer-spot-de-capitn-amrica-el-soldado-de-invierno-es-que-aporte-mucho-will-smith-se-da-de-baja-de-independence-day-2-y-la-fox-se-la-trae-al-pairo-paco-plaza-har-ci","name":"Will Smith se da de baja de Independence Day 2 y a la Fox le da igual","isPartOf":{"@id":"https:\/\/www.uruloki.org\/felipeblog\/#website"},"primaryImageOfPage":{"@id":"https:\/\/www.uruloki.org\/felipeblog\/cine-de-ciencia-ficcion\/el-primer-spot-de-capitn-amrica-el-soldado-de-invierno-es-que-aporte-mucho-will-smith-se-da-de-baja-de-independence-day-2-y-la-fox-se-la-trae-al-pairo-paco-plaza-har-ci#primaryimage"},"image":{"@id":"https:\/\/www.uruloki.org\/felipeblog\/cine-de-ciencia-ficcion\/el-primer-spot-de-capitn-amrica-el-soldado-de-invierno-es-que-aporte-mucho-will-smith-se-da-de-baja-de-independence-day-2-y-la-fox-se-la-trae-al-pairo-paco-plaza-har-ci#primaryimage"},"thumbnailUrl":"https:\/\/uruloki.org\/felipeblog\/images2014-1\/20140208-malditoviernes.jpg","datePublished":"2014-02-08T19:02:09+00:00","author":{"@id":"https:\/\/www.uruloki.org\/felipeblog\/#\/schema\/person\/ddba06ddaa27edf0c370460d05c51bb3"},"description":"Adelanta Deadline y que no es m\u00e1s que Will Smith se apea de toda posibilidad de participar en la eternamente prometida y recientemente confirmada secuela de Independence Day (1996), Independence Day 2. Roland Emmerich y su inseparable, al menos en este plan, co-guionista y productor Dean Devlin se enfrentar\u00e1n a un nuevo desaf\u00edo extraterrestre sin el consejo de Smith, actor que por otro lado lleva un par de a\u00f1os ofreciendo una de cal y otra de arena.","breadcrumb":{"@id":"https:\/\/www.uruloki.org\/felipeblog\/cine-de-ciencia-ficcion\/el-primer-spot-de-capitn-amrica-el-soldado-de-invierno-es-que-aporte-mucho-will-smith-se-da-de-baja-de-independence-day-2-y-la-fox-se-la-trae-al-pairo-paco-plaza-har-ci#breadcrumb"},"inLanguage":"es","potentialAction":[{"@type":"ReadAction","target":["https:\/\/www.uruloki.org\/felipeblog\/cine-de-ciencia-ficcion\/el-primer-spot-de-capitn-amrica-el-soldado-de-invierno-es-que-aporte-mucho-will-smith-se-da-de-baja-de-independence-day-2-y-la-fox-se-la-trae-al-pairo-paco-plaza-har-ci"]}]},{"@type":"ImageObject","inLanguage":"es","@id":"https:\/\/www.uruloki.org\/felipeblog\/cine-de-ciencia-ficcion\/el-primer-spot-de-capitn-amrica-el-soldado-de-invierno-es-que-aporte-mucho-will-smith-se-da-de-baja-de-independence-day-2-y-la-fox-se-la-trae-al-pairo-paco-plaza-har-ci#primaryimage","url":"https:\/\/uruloki.org\/felipeblog\/images2014-1\/20140208-malditoviernes.jpg","contentUrl":"https:\/\/uruloki.org\/felipeblog\/images2014-1\/20140208-malditoviernes.jpg"},{"@type":"BreadcrumbList","@id":"https:\/\/www.uruloki.org\/felipeblog\/cine-de-ciencia-ficcion\/el-primer-spot-de-capitn-amrica-el-soldado-de-invierno-es-que-aporte-mucho-will-smith-se-da-de-baja-de-independence-day-2-y-la-fox-se-la-trae-al-pairo-paco-plaza-har-ci#breadcrumb","itemListElement":[{"@type":"ListItem","position":1,"name":"Portada","item":"https:\/\/www.uruloki.org\/felipeblog"},{"@type":"ListItem","position":2,"name":"El primer spot de Capit&aacute;n Am&eacute;rica: el Soldado de Invierno no es que aporte mucho, Will Smith se da de baja de Independence Day 2 y a la Fox se la trae al pairo, Paco Plaza har&aacute; cine del teaser falso que se convirti&oacute; en c&oacute;mic conocido como Maldito viernes, y Terry Gilliam llevar&aacute; a las Islas Canarias el rodaje de The Man Who Killed Don Quixote&#8230;"}]},{"@type":"WebSite","@id":"https:\/\/www.uruloki.org\/felipeblog\/#website","url":"https:\/\/www.uruloki.org\/felipeblog\/","name":"Uruloki :: Blog","description":"Blog de cine, terror, ciencia ficci\u00f3n, fantas\u00eda y c\u00f3mics","potentialAction":[{"@type":"SearchAction","target":{"@type":"EntryPoint","urlTemplate":"https:\/\/www.uruloki.org\/felipeblog\/?s={search_term_string}"},"query-input":{"@type":"PropertyValueSpecification","valueRequired":true,"valueName":"search_term_string"}}],"inLanguage":"es"},{"@type":"Person","@id":"https:\/\/www.uruloki.org\/felipeblog\/#\/schema\/person\/ddba06ddaa27edf0c370460d05c51bb3","name":"Uruloki","image":{"@type":"ImageObject","inLanguage":"es","@id":"https:\/\/secure.gravatar.com\/avatar\/68d5301c5f52ba88fd63f02c75b8c4d1b3c3fc4b21e2998a1e98c4b3a54d9f7c?s=96&d=mm&r=g","url":"https:\/\/secure.gravatar.com\/avatar\/68d5301c5f52ba88fd63f02c75b8c4d1b3c3fc4b21e2998a1e98c4b3a54d9f7c?s=96&d=mm&r=g","contentUrl":"https:\/\/secure.gravatar.com\/avatar\/68d5301c5f52ba88fd63f02c75b8c4d1b3c3fc4b21e2998a1e98c4b3a54d9f7c?s=96&d=mm&r=g","caption":"Uruloki"},"sameAs":["https:\/\/uruloki.org"],"url":"https:\/\/www.uruloki.org\/felipeblog\/author\/admin-2-2-2"}]}},"_links":{"self":[{"href":"https:\/\/www.uruloki.org\/felipeblog\/wp-json\/wp\/v2\/posts\/12200","targetHints":{"allow":["GET"]}}],"collection":[{"href":"https:\/\/www.uruloki.org\/felipeblog\/wp-json\/wp\/v2\/posts"}],"about":[{"href":"https:\/\/www.uruloki.org\/felipeblog\/wp-json\/wp\/v2\/types\/post"}],"author":[{"embeddable":true,"href":"https:\/\/www.uruloki.org\/felipeblog\/wp-json\/wp\/v2\/users\/28"}],"replies":[{"embeddable":true,"href":"https:\/\/www.uruloki.org\/felipeblog\/wp-json\/wp\/v2\/comments?post=12200"}],"version-history":[{"count":1,"href":"https:\/\/www.uruloki.org\/felipeblog\/wp-json\/wp\/v2\/posts\/12200\/revisions"}],"predecessor-version":[{"id":12201,"href":"https:\/\/www.uruloki.org\/felipeblog\/wp-json\/wp\/v2\/posts\/12200\/revisions\/12201"}],"wp:attachment":[{"href":"https:\/\/www.uruloki.org\/felipeblog\/wp-json\/wp\/v2\/media?parent=12200"}],"wp:term":[{"taxonomy":"category","embeddable":true,"href":"https:\/\/www.uruloki.org\/felipeblog\/wp-json\/wp\/v2\/categories?post=12200"},{"taxonomy":"post_tag","embeddable":true,"href":"https:\/\/www.uruloki.org\/felipeblog\/wp-json\/wp\/v2\/tags?post=12200"}],"curies":[{"name":"wp","href":"https:\/\/api.w.org\/{rel}","templated":true}]}}