{"id":12193,"date":"2014-02-07T12:53:42","date_gmt":"2014-02-07T11:53:42","guid":{"rendered":"https:\/\/uruloki.org\/felipeblog\/?p=12193"},"modified":"2014-02-07T19:34:12","modified_gmt":"2014-02-07T18:34:12","slug":"paul-bettany-da-el-salto-y-de-j-r-v-s-pasa-ser-la-visin-en-avengers-age-ultron","status":"publish","type":"post","link":"https:\/\/www.uruloki.org\/felipeblog\/cine-de-comics\/paul-bettany-da-el-salto-y-de-j-r-v-s-pasa-ser-la-visin-en-avengers-age-ultron","title":{"rendered":"Paul Bettany da el salto y de J.A.R.V.I.S. pasa a ser la Visi&oacute;n en The Avengers: Age of Ultron&#8230;"},"content":{"rendered":"<p>Esperado e inesperado. <a href=\"http:\/\/www.comicbookresources.com\/?page=article&amp;id=50763\" target=\"_blank\">El actor brit&aacute;nico <strong>Paul Bettany<\/strong> parece haber firmado para ser <strong>La Visi&oacute;n<\/strong> en <strong>The Avengers: Age of Ultron<\/strong> (2015) de <strong>Joss Whedon<\/strong><\/a>. Veremos por lo tanto a otro miembro m&aacute;s de <strong>Los Vengadores<\/strong>. Aunque por ahora es un rumor, aunque   medio confirmado por m&uacute;ltiples fuentes fiables, el hecho de que <strong>Bettany<\/strong> y <strong>Jeremy Renner<\/strong> se hayan reunido esta misma semana en los Shepperton Studios de Londres junto a <strong>Whedon<\/strong> parece confirmar la noticia. En fin, <strong>Iron Man<\/strong> (<em>Robert Downey Jr.<\/em>), <strong>Thor<\/strong> (<em>Chris Hemsworth<\/em>), <strong>Capit&aacute;n Am&eacute;rica<\/strong> (<em>Chris Evans<\/em>), la <strong>Viuda Negra<\/strong> (<em>Scarlett Johansson<\/em>), <strong>Hulk<\/strong> (<em>Mark Ruffalo<\/em>), <strong>Ojo de Halc&oacute;n<\/strong> (<em>Renner<\/em>) y ahora <strong>La Visi&oacute;n<\/strong> (<em>Bettany<\/em>)&#8230; todo contra <strong>Ultron<\/strong> (<em>James Spader<\/em>). Madre del amor hermoso. &iquest;Y qu&eacute; nos quedar&aacute; de J.A.R.V.I.S.?<\/p>\n<p class=\"centrado\"><img loading=\"lazy\" decoding=\"async\" src=\"https:\/\/uruloki.org\/felipeblog\/images2014-1\/20140207-vision.jpg\" alt=\"Paul Bettany ser&aacute; La Visi&oacute;n en The Avengers: Age of Ultron\" width=\"625\" height=\"703\" \/><br \/><em>Paul Bettany ser&aacute; La Visi&oacute;n en The Avengers: Age of Ultron<\/em><\/p>\n<p><strong>&nbsp;NOTA&nbsp;<\/strong> Hasta <a href=\"http:\/\/variety.com\/2014\/film\/news\/paul-bettany-to-play-the-vision-in-marvels-avengers-age-of-ultron-1201090635\/\" target=\"_blank\">lo confirma ya Variety<\/a>, as&iacute; que verdad de la buena!<\/p>\n","protected":false},"excerpt":{"rendered":"<p>Esperado e inesperado. El actor brit&aacute;nico Paul Bettany parece haber firmado para ser La Visi&oacute;n en The Avengers: Age of Ultron (2015) de Joss Whedon. Veremos por lo tanto a otro miembro m&aacute;s de Los Vengadores. Aunque por ahora es un rumor, aunque medio confirmado por m&uacute;ltiples fuentes fiables, el hecho de que Bettany y [&hellip;]<\/p>\n","protected":false},"author":28,"featured_media":0,"comment_status":"open","ping_status":"open","sticky":false,"template":"","format":"standard","meta":{"footnotes":""},"categories":[10],"tags":[2760],"class_list":["post-12193","post","type-post","status-publish","format-standard","hentry","category-cine-de-comics","tag-the-avengers-age-of-ultron"],"yoast_head":"<!-- This site is optimized with the Yoast SEO plugin v24.3 - https:\/\/yoast.com\/wordpress\/plugins\/seo\/ -->\n<title>Paul Bettany pasa a ser la Visi\u00f3n en The Avengers: Age of Ultron<\/title>\n<meta name=\"description\" content=\"Esperado e inesperado. El actor brit\u00e1nico Paul Bettany parece haber firmado para ser La Visi\u00f3n en The Avengers: Age of Ultron (2015) de Joss Whedon. Veremos por lo tanto a otro miembro m\u00e1s de Los Vengadores.\" \/>\n<meta name=\"robots\" content=\"index, follow, max-snippet:-1, max-image-preview:large, max-video-preview:-1\" \/>\n<link rel=\"canonical\" href=\"https:\/\/www.uruloki.org\/felipeblog\/cine-de-comics\/paul-bettany-da-el-salto-y-de-j-r-v-s-pasa-ser-la-visin-en-avengers-age-ultron\" \/>\n<meta property=\"og:locale\" content=\"es_ES\" \/>\n<meta property=\"og:type\" content=\"article\" \/>\n<meta property=\"og:title\" content=\"Paul Bettany pasa a ser la Visi\u00f3n en The Avengers: Age of Ultron\" \/>\n<meta property=\"og:description\" content=\"Esperado e inesperado. El actor brit\u00e1nico Paul Bettany parece haber firmado para ser La Visi\u00f3n en The Avengers: Age of Ultron (2015) de Joss Whedon. Veremos por lo tanto a otro miembro m\u00e1s de Los Vengadores.\" \/>\n<meta property=\"og:url\" content=\"https:\/\/www.uruloki.org\/felipeblog\/cine-de-comics\/paul-bettany-da-el-salto-y-de-j-r-v-s-pasa-ser-la-visin-en-avengers-age-ultron\" \/>\n<meta property=\"og:site_name\" content=\"Uruloki :: Blog\" \/>\n<meta property=\"article:publisher\" content=\"https:\/\/www.facebook.com\/uruloki.org\" \/>\n<meta property=\"article:published_time\" content=\"2014-02-07T11:53:42+00:00\" \/>\n<meta property=\"article:modified_time\" content=\"2014-02-07T18:34:12+00:00\" \/>\n<meta property=\"og:image\" content=\"https:\/\/uruloki.org\/felipeblog\/images2014-1\/20140207-vision.jpg\" \/>\n<meta name=\"author\" content=\"Uruloki\" \/>\n<meta name=\"twitter:card\" content=\"summary_large_image\" \/>\n<meta name=\"twitter:creator\" content=\"@uruloki\" \/>\n<meta name=\"twitter:site\" content=\"@uruloki\" \/>\n<meta name=\"twitter:label1\" content=\"Escrito por\" \/>\n\t<meta name=\"twitter:data1\" content=\"Uruloki\" \/>\n\t<meta name=\"twitter:label2\" content=\"Tiempo de lectura\" \/>\n\t<meta name=\"twitter:data2\" content=\"1 minuto\" \/>\n<script type=\"application\/ld+json\" class=\"yoast-schema-graph\">{\"@context\":\"https:\/\/schema.org\",\"@graph\":[{\"@type\":\"WebPage\",\"@id\":\"https:\/\/www.uruloki.org\/felipeblog\/cine-de-comics\/paul-bettany-da-el-salto-y-de-j-r-v-s-pasa-ser-la-visin-en-avengers-age-ultron\",\"url\":\"https:\/\/www.uruloki.org\/felipeblog\/cine-de-comics\/paul-bettany-da-el-salto-y-de-j-r-v-s-pasa-ser-la-visin-en-avengers-age-ultron\",\"name\":\"Paul Bettany pasa a ser la Visi\u00f3n en The Avengers: Age of Ultron\",\"isPartOf\":{\"@id\":\"https:\/\/www.uruloki.org\/felipeblog\/#website\"},\"primaryImageOfPage\":{\"@id\":\"https:\/\/www.uruloki.org\/felipeblog\/cine-de-comics\/paul-bettany-da-el-salto-y-de-j-r-v-s-pasa-ser-la-visin-en-avengers-age-ultron#primaryimage\"},\"image\":{\"@id\":\"https:\/\/www.uruloki.org\/felipeblog\/cine-de-comics\/paul-bettany-da-el-salto-y-de-j-r-v-s-pasa-ser-la-visin-en-avengers-age-ultron#primaryimage\"},\"thumbnailUrl\":\"https:\/\/uruloki.org\/felipeblog\/images2014-1\/20140207-vision.jpg\",\"datePublished\":\"2014-02-07T11:53:42+00:00\",\"dateModified\":\"2014-02-07T18:34:12+00:00\",\"author\":{\"@id\":\"https:\/\/www.uruloki.org\/felipeblog\/#\/schema\/person\/ddba06ddaa27edf0c370460d05c51bb3\"},\"description\":\"Esperado e inesperado. El actor brit\u00e1nico Paul Bettany parece haber firmado para ser La Visi\u00f3n en The Avengers: Age of Ultron (2015) de Joss Whedon. Veremos por lo tanto a otro miembro m\u00e1s de Los Vengadores.\",\"breadcrumb\":{\"@id\":\"https:\/\/www.uruloki.org\/felipeblog\/cine-de-comics\/paul-bettany-da-el-salto-y-de-j-r-v-s-pasa-ser-la-visin-en-avengers-age-ultron#breadcrumb\"},\"inLanguage\":\"es\",\"potentialAction\":[{\"@type\":\"ReadAction\",\"target\":[\"https:\/\/www.uruloki.org\/felipeblog\/cine-de-comics\/paul-bettany-da-el-salto-y-de-j-r-v-s-pasa-ser-la-visin-en-avengers-age-ultron\"]}]},{\"@type\":\"ImageObject\",\"inLanguage\":\"es\",\"@id\":\"https:\/\/www.uruloki.org\/felipeblog\/cine-de-comics\/paul-bettany-da-el-salto-y-de-j-r-v-s-pasa-ser-la-visin-en-avengers-age-ultron#primaryimage\",\"url\":\"https:\/\/uruloki.org\/felipeblog\/images2014-1\/20140207-vision.jpg\",\"contentUrl\":\"https:\/\/uruloki.org\/felipeblog\/images2014-1\/20140207-vision.jpg\"},{\"@type\":\"BreadcrumbList\",\"@id\":\"https:\/\/www.uruloki.org\/felipeblog\/cine-de-comics\/paul-bettany-da-el-salto-y-de-j-r-v-s-pasa-ser-la-visin-en-avengers-age-ultron#breadcrumb\",\"itemListElement\":[{\"@type\":\"ListItem\",\"position\":1,\"name\":\"Portada\",\"item\":\"https:\/\/www.uruloki.org\/felipeblog\"},{\"@type\":\"ListItem\",\"position\":2,\"name\":\"Paul Bettany da el salto y de J.A.R.V.I.S. pasa a ser la Visi&oacute;n en The Avengers: Age of Ultron&#8230;\"}]},{\"@type\":\"WebSite\",\"@id\":\"https:\/\/www.uruloki.org\/felipeblog\/#website\",\"url\":\"https:\/\/www.uruloki.org\/felipeblog\/\",\"name\":\"Uruloki :: Blog\",\"description\":\"Blog de cine, terror, ciencia ficci\u00f3n, fantas\u00eda y c\u00f3mics\",\"potentialAction\":[{\"@type\":\"SearchAction\",\"target\":{\"@type\":\"EntryPoint\",\"urlTemplate\":\"https:\/\/www.uruloki.org\/felipeblog\/?s={search_term_string}\"},\"query-input\":{\"@type\":\"PropertyValueSpecification\",\"valueRequired\":true,\"valueName\":\"search_term_string\"}}],\"inLanguage\":\"es\"},{\"@type\":\"Person\",\"@id\":\"https:\/\/www.uruloki.org\/felipeblog\/#\/schema\/person\/ddba06ddaa27edf0c370460d05c51bb3\",\"name\":\"Uruloki\",\"image\":{\"@type\":\"ImageObject\",\"inLanguage\":\"es\",\"@id\":\"https:\/\/www.uruloki.org\/felipeblog\/#\/schema\/person\/image\/\",\"url\":\"https:\/\/secure.gravatar.com\/avatar\/68d5301c5f52ba88fd63f02c75b8c4d1b3c3fc4b21e2998a1e98c4b3a54d9f7c?s=96&d=mm&r=g\",\"contentUrl\":\"https:\/\/secure.gravatar.com\/avatar\/68d5301c5f52ba88fd63f02c75b8c4d1b3c3fc4b21e2998a1e98c4b3a54d9f7c?s=96&d=mm&r=g\",\"caption\":\"Uruloki\"},\"sameAs\":[\"https:\/\/uruloki.org\"],\"url\":\"https:\/\/www.uruloki.org\/felipeblog\/author\/admin-2-2-2\"}]}<\/script>\n<!-- \/ Yoast SEO plugin. -->","yoast_head_json":{"title":"Paul Bettany pasa a ser la Visi\u00f3n en The Avengers: Age of Ultron","description":"Esperado e inesperado. El actor brit\u00e1nico Paul Bettany parece haber firmado para ser La Visi\u00f3n en The Avengers: Age of Ultron (2015) de Joss Whedon. Veremos por lo tanto a otro miembro m\u00e1s de Los Vengadores.","robots":{"index":"index","follow":"follow","max-snippet":"max-snippet:-1","max-image-preview":"max-image-preview:large","max-video-preview":"max-video-preview:-1"},"canonical":"https:\/\/www.uruloki.org\/felipeblog\/cine-de-comics\/paul-bettany-da-el-salto-y-de-j-r-v-s-pasa-ser-la-visin-en-avengers-age-ultron","og_locale":"es_ES","og_type":"article","og_title":"Paul Bettany pasa a ser la Visi\u00f3n en The Avengers: Age of Ultron","og_description":"Esperado e inesperado. El actor brit\u00e1nico Paul Bettany parece haber firmado para ser La Visi\u00f3n en The Avengers: Age of Ultron (2015) de Joss Whedon. Veremos por lo tanto a otro miembro m\u00e1s de Los Vengadores.","og_url":"https:\/\/www.uruloki.org\/felipeblog\/cine-de-comics\/paul-bettany-da-el-salto-y-de-j-r-v-s-pasa-ser-la-visin-en-avengers-age-ultron","og_site_name":"Uruloki :: Blog","article_publisher":"https:\/\/www.facebook.com\/uruloki.org","article_published_time":"2014-02-07T11:53:42+00:00","article_modified_time":"2014-02-07T18:34:12+00:00","og_image":[{"url":"https:\/\/uruloki.org\/felipeblog\/images2014-1\/20140207-vision.jpg","type":"","width":"","height":""}],"author":"Uruloki","twitter_card":"summary_large_image","twitter_creator":"@uruloki","twitter_site":"@uruloki","twitter_misc":{"Escrito por":"Uruloki","Tiempo de lectura":"1 minuto"},"schema":{"@context":"https:\/\/schema.org","@graph":[{"@type":"WebPage","@id":"https:\/\/www.uruloki.org\/felipeblog\/cine-de-comics\/paul-bettany-da-el-salto-y-de-j-r-v-s-pasa-ser-la-visin-en-avengers-age-ultron","url":"https:\/\/www.uruloki.org\/felipeblog\/cine-de-comics\/paul-bettany-da-el-salto-y-de-j-r-v-s-pasa-ser-la-visin-en-avengers-age-ultron","name":"Paul Bettany pasa a ser la Visi\u00f3n en The Avengers: Age of Ultron","isPartOf":{"@id":"https:\/\/www.uruloki.org\/felipeblog\/#website"},"primaryImageOfPage":{"@id":"https:\/\/www.uruloki.org\/felipeblog\/cine-de-comics\/paul-bettany-da-el-salto-y-de-j-r-v-s-pasa-ser-la-visin-en-avengers-age-ultron#primaryimage"},"image":{"@id":"https:\/\/www.uruloki.org\/felipeblog\/cine-de-comics\/paul-bettany-da-el-salto-y-de-j-r-v-s-pasa-ser-la-visin-en-avengers-age-ultron#primaryimage"},"thumbnailUrl":"https:\/\/uruloki.org\/felipeblog\/images2014-1\/20140207-vision.jpg","datePublished":"2014-02-07T11:53:42+00:00","dateModified":"2014-02-07T18:34:12+00:00","author":{"@id":"https:\/\/www.uruloki.org\/felipeblog\/#\/schema\/person\/ddba06ddaa27edf0c370460d05c51bb3"},"description":"Esperado e inesperado. El actor brit\u00e1nico Paul Bettany parece haber firmado para ser La Visi\u00f3n en The Avengers: Age of Ultron (2015) de Joss Whedon. Veremos por lo tanto a otro miembro m\u00e1s de Los Vengadores.","breadcrumb":{"@id":"https:\/\/www.uruloki.org\/felipeblog\/cine-de-comics\/paul-bettany-da-el-salto-y-de-j-r-v-s-pasa-ser-la-visin-en-avengers-age-ultron#breadcrumb"},"inLanguage":"es","potentialAction":[{"@type":"ReadAction","target":["https:\/\/www.uruloki.org\/felipeblog\/cine-de-comics\/paul-bettany-da-el-salto-y-de-j-r-v-s-pasa-ser-la-visin-en-avengers-age-ultron"]}]},{"@type":"ImageObject","inLanguage":"es","@id":"https:\/\/www.uruloki.org\/felipeblog\/cine-de-comics\/paul-bettany-da-el-salto-y-de-j-r-v-s-pasa-ser-la-visin-en-avengers-age-ultron#primaryimage","url":"https:\/\/uruloki.org\/felipeblog\/images2014-1\/20140207-vision.jpg","contentUrl":"https:\/\/uruloki.org\/felipeblog\/images2014-1\/20140207-vision.jpg"},{"@type":"BreadcrumbList","@id":"https:\/\/www.uruloki.org\/felipeblog\/cine-de-comics\/paul-bettany-da-el-salto-y-de-j-r-v-s-pasa-ser-la-visin-en-avengers-age-ultron#breadcrumb","itemListElement":[{"@type":"ListItem","position":1,"name":"Portada","item":"https:\/\/www.uruloki.org\/felipeblog"},{"@type":"ListItem","position":2,"name":"Paul Bettany da el salto y de J.A.R.V.I.S. pasa a ser la Visi&oacute;n en The Avengers: Age of Ultron&#8230;"}]},{"@type":"WebSite","@id":"https:\/\/www.uruloki.org\/felipeblog\/#website","url":"https:\/\/www.uruloki.org\/felipeblog\/","name":"Uruloki :: Blog","description":"Blog de cine, terror, ciencia ficci\u00f3n, fantas\u00eda y c\u00f3mics","potentialAction":[{"@type":"SearchAction","target":{"@type":"EntryPoint","urlTemplate":"https:\/\/www.uruloki.org\/felipeblog\/?s={search_term_string}"},"query-input":{"@type":"PropertyValueSpecification","valueRequired":true,"valueName":"search_term_string"}}],"inLanguage":"es"},{"@type":"Person","@id":"https:\/\/www.uruloki.org\/felipeblog\/#\/schema\/person\/ddba06ddaa27edf0c370460d05c51bb3","name":"Uruloki","image":{"@type":"ImageObject","inLanguage":"es","@id":"https:\/\/www.uruloki.org\/felipeblog\/#\/schema\/person\/image\/","url":"https:\/\/secure.gravatar.com\/avatar\/68d5301c5f52ba88fd63f02c75b8c4d1b3c3fc4b21e2998a1e98c4b3a54d9f7c?s=96&d=mm&r=g","contentUrl":"https:\/\/secure.gravatar.com\/avatar\/68d5301c5f52ba88fd63f02c75b8c4d1b3c3fc4b21e2998a1e98c4b3a54d9f7c?s=96&d=mm&r=g","caption":"Uruloki"},"sameAs":["https:\/\/uruloki.org"],"url":"https:\/\/www.uruloki.org\/felipeblog\/author\/admin-2-2-2"}]}},"_links":{"self":[{"href":"https:\/\/www.uruloki.org\/felipeblog\/wp-json\/wp\/v2\/posts\/12193","targetHints":{"allow":["GET"]}}],"collection":[{"href":"https:\/\/www.uruloki.org\/felipeblog\/wp-json\/wp\/v2\/posts"}],"about":[{"href":"https:\/\/www.uruloki.org\/felipeblog\/wp-json\/wp\/v2\/types\/post"}],"author":[{"embeddable":true,"href":"https:\/\/www.uruloki.org\/felipeblog\/wp-json\/wp\/v2\/users\/28"}],"replies":[{"embeddable":true,"href":"https:\/\/www.uruloki.org\/felipeblog\/wp-json\/wp\/v2\/comments?post=12193"}],"version-history":[{"count":2,"href":"https:\/\/www.uruloki.org\/felipeblog\/wp-json\/wp\/v2\/posts\/12193\/revisions"}],"predecessor-version":[{"id":12195,"href":"https:\/\/www.uruloki.org\/felipeblog\/wp-json\/wp\/v2\/posts\/12193\/revisions\/12195"}],"wp:attachment":[{"href":"https:\/\/www.uruloki.org\/felipeblog\/wp-json\/wp\/v2\/media?parent=12193"}],"wp:term":[{"taxonomy":"category","embeddable":true,"href":"https:\/\/www.uruloki.org\/felipeblog\/wp-json\/wp\/v2\/categories?post=12193"},{"taxonomy":"post_tag","embeddable":true,"href":"https:\/\/www.uruloki.org\/felipeblog\/wp-json\/wp\/v2\/tags?post=12193"}],"curies":[{"name":"wp","href":"https:\/\/api.w.org\/{rel}","templated":true}]}}