{"id":11568,"date":"2013-11-01T13:42:43","date_gmt":"2013-11-01T12:42:43","guid":{"rendered":"https:\/\/uruloki.org\/felipeblog\/?p=11568"},"modified":"2013-11-01T13:42:43","modified_gmt":"2013-11-01T12:42:43","slug":"thor-el-mundo-oscuro-opinin","status":"publish","type":"post","link":"https:\/\/www.uruloki.org\/felipeblog\/cine-de-comics\/thor-el-mundo-oscuro-opinin","title":{"rendered":"Thor: el mundo oscuro (opini&oacute;n)&#8230;"},"content":{"rendered":"<p>Lo que &uacute;ltimamente fabrica la Casa de las Ideas en su espectro m&aacute;s cinematogr&aacute;fico transita curiosamente en polos opuestos dif&iacute;ciles de digerir. Quiz&aacute;s sea por el carisma de los personajes, por la propia din&aacute;mica de los mismos o incluso por el inter&eacute;s que ponen aquellos que los interpretan, pero el una de cal y otra de arena podr&iacute;a ser el eslogan de <strong>Marvel Studios<\/strong> en estos momentos. Hay que dejar claro que <strong>Thor: el mundo oscuro<\/strong> (<em>Thor: The Dark World<\/em>, 2013) es un reenfoque superior de las aventuras del hijo de <strong>Od&iacute;n<\/strong> (<em>Anthony Hopkins<\/em>) tras el flojo tr&aacute;nsito por el desierto de Nuevo M&eacute;xico que dirigi&oacute; hace ahora dos a&ntilde;os el bueno de <strong>Kenneth Branagh<\/strong>. <strong>Alan Taylor<\/strong>, sobradamente competente  en estas lides del medievo  cuando tiene bajo el brazo un producto complejo, extenso y retorcido, se embarca en una aventura de corte medieval futurista donde la intensidad y la emoci&oacute;n, puntual pero existente, convive con la comedia, mil gracias, y cierto aburrimiento, esta es la realidad. Siento que algo le falta a <strong>Thor: el mundo oscuro<\/strong> y no creo que sea culpa del personaje si no m&aacute;s bien de las elecciones tomadas en torno a &eacute;l. Aun as&iacute; este film tiene algo que el anterior no tuvo, y es una extensa conjunci&oacute;n de propuestas a nivel g&eacute;nero que la hacen entretenida pero no por ello una pieza crucial dentro del universo cinematogr&aacute;fico de <strong>Marvel<\/strong>.<\/p>\n<p>En el fondo me planteo que quiz&aacute;s el problema radique en el propio espectador. El fan seguidor del personaje puede que comprenda mejor las vicisitudes del mismo, y la importancia de todos aquellos que le rodean, pero que los aportes m&aacute;s rese&ntilde;ables de la pel&iacute;cula los pongan <strong>Loki<\/strong>, nuevamente <strong>Tom Hiddleston<\/strong> es en realidad qui&eacute;n mantiene todo esto a flote, el <strong>Dr. Erik Selvig<\/strong> encarnado por <strong>Stellan Skarsg&aring;rd<\/strong>, sus momentos en pantalla son geniales, o <strong>Kat Dennings<\/strong>, mucho m&aacute;s presente su <strong>Darcy<\/strong> en este film y m&aacute;s agradable de ver que la estirada de <strong>Jane Foster<\/strong> (<em>Natalie Portman<\/em>), da que pensar. Vale que el film pone su foco durante una gran parte del metraje en una guerra interna en <strong>Asgard<\/strong> donde traiciones, batallas personales y grandes dramas recrean las cl&aacute;sicas intrigas palaciegas con las que <strong>Taylor<\/strong> tanto ha trabajado&#8230; perfecto. Pero este tipo de pel&iacute;culas ponen mucho de su foco en el reto, el villano al que el h&eacute;roe debe hacer frente y que, esto lo encuentro necesario, debe causar simpat&iacute;a hacia el espectador o en caso contrario un odio ac&eacute;rrimo y temor. <strong>Malekith el maldito<\/strong> no logra ni lo primero ni lo segundo. No soy lector de <strong>Thor<\/strong>, pero esperaba m&aacute;s del personaje encarnado por el siempre mol&oacute;n <strong>Christopher Eccleston<\/strong>. Pasadas ya unas horas desde su visionado sigo sin comprender de donde sale la capacidad destructiva de los Elfos Oscuros de <strong>Malekith<\/strong> visto lo visto en un pr&oacute;logo que sirve de antesala a todo lo que luego se nos cuenta. Da la impresi&oacute;n de ser un componente transitorio e infrautilizado como ocurriera con <strong>Cr&aacute;neo Rojo<\/strong> (<em>Hugo Weaving<\/em>) en <strong>Capit&aacute;n Am&eacute;rica: el primer vengador<\/strong> (<em>Captain America: The First Avenger<\/em>, 2011).<\/p>\n<p>Pero bueno, la pel&iacute;cula cumple, no llega a emocionar ni a aportar situaciones intensas aunque ofrece los elementos esperables para una producci&oacute;n de este tipo. Un uso puntual y de singular importancia de personajes secundarios como <strong>Heimdall<\/strong> (<em>Idris Elba<\/em>), <strong>Silf<\/strong> (<em>Jaimie Alexander<\/em>), <strong>Fandral<\/strong> (<em>Zachary Levi<\/em>), <strong>Volstagg<\/strong> (<em>Ray Stevenson<\/em>) o <strong>Frigga<\/strong> (<em>Rene Russo<\/em>), sobrecarga de efectos visuales para que conozcamos mejor <strong>Asgard<\/strong> o <strong>Svartalfheim<\/strong>, unas cuantas sorpresas dentro de la propia historia que hacen que el trabajo de los guionistas sea m&aacute;s valorable, y, eso si, una presencia de <strong>Thor<\/strong> (<em>Chris Hemsworth<\/em>) como se espera de &eacute;l&#8230; <strong>Mj&ouml;lnir<\/strong> en mano vuela, desencadena sus mejores golpes y sirve para rememorar a la mejor versi&oacute;n comiquera del personaje. En definitiva, debe verse para seguir profundizando en ese curioso experimento coral de <strong>Marvel Studios<\/strong>, para cruzarte de nuevo con <strong>Stan Lee<\/strong>, adentrarte en el v&iacute;nculo con el siguiente producto de la compa&ntilde;&iacute;a en cines y comprender mejor lo que seguramente sea <strong>The Avengers 3<\/strong> en el 2018.<\/p>\n<p class=\"centrado\"><img loading=\"lazy\" decoding=\"async\" src=\"https:\/\/uruloki.org\/felipeblog\/images2013-2\/20131101-thorelmundooscuro.jpg\" alt=\"Uno de los carteles espa&ntilde;oles de Thor: el mundo oscuro\" width=\"550\" height=\"781\" \/><br \/><em>Uno de los carteles espa&ntilde;oles de Thor: el mundo oscuro<\/em><\/p>\n","protected":false},"excerpt":{"rendered":"<p>Lo que &uacute;ltimamente fabrica la Casa de las Ideas en su espectro m&aacute;s cinematogr&aacute;fico transita curiosamente en polos opuestos dif&iacute;ciles de digerir. Quiz&aacute;s sea por el carisma de los personajes, por la propia din&aacute;mica de los mismos o incluso por el inter&eacute;s que ponen aquellos que los interpretan, pero el una de cal y otra [&hellip;]<\/p>\n","protected":false},"author":28,"featured_media":0,"comment_status":"open","ping_status":"open","sticky":false,"template":"","format":"standard","meta":{"footnotes":""},"categories":[10,27],"tags":[3373,2204],"class_list":["post-11568","post","type-post","status-publish","format-standard","hentry","category-cine-de-comics","category-opinion","tag-opinion","tag-thor-the-dark-world"],"yoast_head":"<!-- This site is optimized with the Yoast SEO plugin v24.3 - https:\/\/yoast.com\/wordpress\/plugins\/seo\/ -->\n<title>Thor: el mundo oscuro (opini&oacute;n)... - Uruloki :: Blog<\/title>\n<meta name=\"robots\" content=\"index, follow, max-snippet:-1, max-image-preview:large, max-video-preview:-1\" \/>\n<link rel=\"canonical\" href=\"https:\/\/www.uruloki.org\/felipeblog\/cine-de-comics\/thor-el-mundo-oscuro-opinin\" \/>\n<meta property=\"og:locale\" content=\"es_ES\" \/>\n<meta property=\"og:type\" content=\"article\" \/>\n<meta property=\"og:title\" content=\"Thor: el mundo oscuro (opini&oacute;n)... - Uruloki :: Blog\" \/>\n<meta property=\"og:description\" content=\"Lo que &uacute;ltimamente fabrica la Casa de las Ideas en su espectro m&aacute;s cinematogr&aacute;fico transita curiosamente en polos opuestos dif&iacute;ciles de digerir. Quiz&aacute;s sea por el carisma de los personajes, por la propia din&aacute;mica de los mismos o incluso por el inter&eacute;s que ponen aquellos que los interpretan, pero el una de cal y otra [&hellip;]\" \/>\n<meta property=\"og:url\" content=\"https:\/\/www.uruloki.org\/felipeblog\/cine-de-comics\/thor-el-mundo-oscuro-opinin\" \/>\n<meta property=\"og:site_name\" content=\"Uruloki :: Blog\" \/>\n<meta property=\"article:publisher\" content=\"https:\/\/www.facebook.com\/uruloki.org\" \/>\n<meta property=\"article:published_time\" content=\"2013-11-01T12:42:43+00:00\" \/>\n<meta property=\"og:image\" content=\"https:\/\/uruloki.org\/felipeblog\/images2013-2\/20131101-thorelmundooscuro.jpg\" \/>\n<meta name=\"author\" content=\"Uruloki\" \/>\n<meta name=\"twitter:card\" content=\"summary_large_image\" \/>\n<meta name=\"twitter:creator\" content=\"@uruloki\" \/>\n<meta name=\"twitter:site\" content=\"@uruloki\" \/>\n<meta name=\"twitter:label1\" content=\"Escrito por\" \/>\n\t<meta name=\"twitter:data1\" content=\"Uruloki\" \/>\n\t<meta name=\"twitter:label2\" content=\"Tiempo de lectura\" \/>\n\t<meta name=\"twitter:data2\" content=\"4 minutos\" \/>\n<script type=\"application\/ld+json\" class=\"yoast-schema-graph\">{\"@context\":\"https:\/\/schema.org\",\"@graph\":[{\"@type\":\"WebPage\",\"@id\":\"https:\/\/www.uruloki.org\/felipeblog\/cine-de-comics\/thor-el-mundo-oscuro-opinin\",\"url\":\"https:\/\/www.uruloki.org\/felipeblog\/cine-de-comics\/thor-el-mundo-oscuro-opinin\",\"name\":\"Thor: el mundo oscuro (opini&oacute;n)... - Uruloki :: Blog\",\"isPartOf\":{\"@id\":\"https:\/\/www.uruloki.org\/felipeblog\/#website\"},\"primaryImageOfPage\":{\"@id\":\"https:\/\/www.uruloki.org\/felipeblog\/cine-de-comics\/thor-el-mundo-oscuro-opinin#primaryimage\"},\"image\":{\"@id\":\"https:\/\/www.uruloki.org\/felipeblog\/cine-de-comics\/thor-el-mundo-oscuro-opinin#primaryimage\"},\"thumbnailUrl\":\"https:\/\/uruloki.org\/felipeblog\/images2013-2\/20131101-thorelmundooscuro.jpg\",\"datePublished\":\"2013-11-01T12:42:43+00:00\",\"dateModified\":\"2013-11-01T12:42:43+00:00\",\"author\":{\"@id\":\"https:\/\/www.uruloki.org\/felipeblog\/#\/schema\/person\/ddba06ddaa27edf0c370460d05c51bb3\"},\"breadcrumb\":{\"@id\":\"https:\/\/www.uruloki.org\/felipeblog\/cine-de-comics\/thor-el-mundo-oscuro-opinin#breadcrumb\"},\"inLanguage\":\"es\",\"potentialAction\":[{\"@type\":\"ReadAction\",\"target\":[\"https:\/\/www.uruloki.org\/felipeblog\/cine-de-comics\/thor-el-mundo-oscuro-opinin\"]}]},{\"@type\":\"ImageObject\",\"inLanguage\":\"es\",\"@id\":\"https:\/\/www.uruloki.org\/felipeblog\/cine-de-comics\/thor-el-mundo-oscuro-opinin#primaryimage\",\"url\":\"https:\/\/uruloki.org\/felipeblog\/images2013-2\/20131101-thorelmundooscuro.jpg\",\"contentUrl\":\"https:\/\/uruloki.org\/felipeblog\/images2013-2\/20131101-thorelmundooscuro.jpg\"},{\"@type\":\"BreadcrumbList\",\"@id\":\"https:\/\/www.uruloki.org\/felipeblog\/cine-de-comics\/thor-el-mundo-oscuro-opinin#breadcrumb\",\"itemListElement\":[{\"@type\":\"ListItem\",\"position\":1,\"name\":\"Portada\",\"item\":\"https:\/\/www.uruloki.org\/felipeblog\"},{\"@type\":\"ListItem\",\"position\":2,\"name\":\"Thor: el mundo oscuro (opini&oacute;n)&#8230;\"}]},{\"@type\":\"WebSite\",\"@id\":\"https:\/\/www.uruloki.org\/felipeblog\/#website\",\"url\":\"https:\/\/www.uruloki.org\/felipeblog\/\",\"name\":\"Uruloki :: Blog\",\"description\":\"Blog de cine, terror, ciencia ficci\u00f3n, fantas\u00eda y c\u00f3mics\",\"potentialAction\":[{\"@type\":\"SearchAction\",\"target\":{\"@type\":\"EntryPoint\",\"urlTemplate\":\"https:\/\/www.uruloki.org\/felipeblog\/?s={search_term_string}\"},\"query-input\":{\"@type\":\"PropertyValueSpecification\",\"valueRequired\":true,\"valueName\":\"search_term_string\"}}],\"inLanguage\":\"es\"},{\"@type\":\"Person\",\"@id\":\"https:\/\/www.uruloki.org\/felipeblog\/#\/schema\/person\/ddba06ddaa27edf0c370460d05c51bb3\",\"name\":\"Uruloki\",\"image\":{\"@type\":\"ImageObject\",\"inLanguage\":\"es\",\"@id\":\"https:\/\/www.uruloki.org\/felipeblog\/#\/schema\/person\/image\/\",\"url\":\"https:\/\/secure.gravatar.com\/avatar\/68d5301c5f52ba88fd63f02c75b8c4d1b3c3fc4b21e2998a1e98c4b3a54d9f7c?s=96&d=mm&r=g\",\"contentUrl\":\"https:\/\/secure.gravatar.com\/avatar\/68d5301c5f52ba88fd63f02c75b8c4d1b3c3fc4b21e2998a1e98c4b3a54d9f7c?s=96&d=mm&r=g\",\"caption\":\"Uruloki\"},\"sameAs\":[\"https:\/\/uruloki.org\"],\"url\":\"https:\/\/www.uruloki.org\/felipeblog\/author\/admin-2-2-2\"}]}<\/script>\n<!-- \/ Yoast SEO plugin. -->","yoast_head_json":{"title":"Thor: el mundo oscuro (opini&oacute;n)... - Uruloki :: Blog","robots":{"index":"index","follow":"follow","max-snippet":"max-snippet:-1","max-image-preview":"max-image-preview:large","max-video-preview":"max-video-preview:-1"},"canonical":"https:\/\/www.uruloki.org\/felipeblog\/cine-de-comics\/thor-el-mundo-oscuro-opinin","og_locale":"es_ES","og_type":"article","og_title":"Thor: el mundo oscuro (opini&oacute;n)... - Uruloki :: Blog","og_description":"Lo que &uacute;ltimamente fabrica la Casa de las Ideas en su espectro m&aacute;s cinematogr&aacute;fico transita curiosamente en polos opuestos dif&iacute;ciles de digerir. Quiz&aacute;s sea por el carisma de los personajes, por la propia din&aacute;mica de los mismos o incluso por el inter&eacute;s que ponen aquellos que los interpretan, pero el una de cal y otra [&hellip;]","og_url":"https:\/\/www.uruloki.org\/felipeblog\/cine-de-comics\/thor-el-mundo-oscuro-opinin","og_site_name":"Uruloki :: Blog","article_publisher":"https:\/\/www.facebook.com\/uruloki.org","article_published_time":"2013-11-01T12:42:43+00:00","og_image":[{"url":"https:\/\/uruloki.org\/felipeblog\/images2013-2\/20131101-thorelmundooscuro.jpg","type":"","width":"","height":""}],"author":"Uruloki","twitter_card":"summary_large_image","twitter_creator":"@uruloki","twitter_site":"@uruloki","twitter_misc":{"Escrito por":"Uruloki","Tiempo de lectura":"4 minutos"},"schema":{"@context":"https:\/\/schema.org","@graph":[{"@type":"WebPage","@id":"https:\/\/www.uruloki.org\/felipeblog\/cine-de-comics\/thor-el-mundo-oscuro-opinin","url":"https:\/\/www.uruloki.org\/felipeblog\/cine-de-comics\/thor-el-mundo-oscuro-opinin","name":"Thor: el mundo oscuro (opini&oacute;n)... - Uruloki :: Blog","isPartOf":{"@id":"https:\/\/www.uruloki.org\/felipeblog\/#website"},"primaryImageOfPage":{"@id":"https:\/\/www.uruloki.org\/felipeblog\/cine-de-comics\/thor-el-mundo-oscuro-opinin#primaryimage"},"image":{"@id":"https:\/\/www.uruloki.org\/felipeblog\/cine-de-comics\/thor-el-mundo-oscuro-opinin#primaryimage"},"thumbnailUrl":"https:\/\/uruloki.org\/felipeblog\/images2013-2\/20131101-thorelmundooscuro.jpg","datePublished":"2013-11-01T12:42:43+00:00","dateModified":"2013-11-01T12:42:43+00:00","author":{"@id":"https:\/\/www.uruloki.org\/felipeblog\/#\/schema\/person\/ddba06ddaa27edf0c370460d05c51bb3"},"breadcrumb":{"@id":"https:\/\/www.uruloki.org\/felipeblog\/cine-de-comics\/thor-el-mundo-oscuro-opinin#breadcrumb"},"inLanguage":"es","potentialAction":[{"@type":"ReadAction","target":["https:\/\/www.uruloki.org\/felipeblog\/cine-de-comics\/thor-el-mundo-oscuro-opinin"]}]},{"@type":"ImageObject","inLanguage":"es","@id":"https:\/\/www.uruloki.org\/felipeblog\/cine-de-comics\/thor-el-mundo-oscuro-opinin#primaryimage","url":"https:\/\/uruloki.org\/felipeblog\/images2013-2\/20131101-thorelmundooscuro.jpg","contentUrl":"https:\/\/uruloki.org\/felipeblog\/images2013-2\/20131101-thorelmundooscuro.jpg"},{"@type":"BreadcrumbList","@id":"https:\/\/www.uruloki.org\/felipeblog\/cine-de-comics\/thor-el-mundo-oscuro-opinin#breadcrumb","itemListElement":[{"@type":"ListItem","position":1,"name":"Portada","item":"https:\/\/www.uruloki.org\/felipeblog"},{"@type":"ListItem","position":2,"name":"Thor: el mundo oscuro (opini&oacute;n)&#8230;"}]},{"@type":"WebSite","@id":"https:\/\/www.uruloki.org\/felipeblog\/#website","url":"https:\/\/www.uruloki.org\/felipeblog\/","name":"Uruloki :: Blog","description":"Blog de cine, terror, ciencia ficci\u00f3n, fantas\u00eda y c\u00f3mics","potentialAction":[{"@type":"SearchAction","target":{"@type":"EntryPoint","urlTemplate":"https:\/\/www.uruloki.org\/felipeblog\/?s={search_term_string}"},"query-input":{"@type":"PropertyValueSpecification","valueRequired":true,"valueName":"search_term_string"}}],"inLanguage":"es"},{"@type":"Person","@id":"https:\/\/www.uruloki.org\/felipeblog\/#\/schema\/person\/ddba06ddaa27edf0c370460d05c51bb3","name":"Uruloki","image":{"@type":"ImageObject","inLanguage":"es","@id":"https:\/\/www.uruloki.org\/felipeblog\/#\/schema\/person\/image\/","url":"https:\/\/secure.gravatar.com\/avatar\/68d5301c5f52ba88fd63f02c75b8c4d1b3c3fc4b21e2998a1e98c4b3a54d9f7c?s=96&d=mm&r=g","contentUrl":"https:\/\/secure.gravatar.com\/avatar\/68d5301c5f52ba88fd63f02c75b8c4d1b3c3fc4b21e2998a1e98c4b3a54d9f7c?s=96&d=mm&r=g","caption":"Uruloki"},"sameAs":["https:\/\/uruloki.org"],"url":"https:\/\/www.uruloki.org\/felipeblog\/author\/admin-2-2-2"}]}},"_links":{"self":[{"href":"https:\/\/www.uruloki.org\/felipeblog\/wp-json\/wp\/v2\/posts\/11568","targetHints":{"allow":["GET"]}}],"collection":[{"href":"https:\/\/www.uruloki.org\/felipeblog\/wp-json\/wp\/v2\/posts"}],"about":[{"href":"https:\/\/www.uruloki.org\/felipeblog\/wp-json\/wp\/v2\/types\/post"}],"author":[{"embeddable":true,"href":"https:\/\/www.uruloki.org\/felipeblog\/wp-json\/wp\/v2\/users\/28"}],"replies":[{"embeddable":true,"href":"https:\/\/www.uruloki.org\/felipeblog\/wp-json\/wp\/v2\/comments?post=11568"}],"version-history":[{"count":1,"href":"https:\/\/www.uruloki.org\/felipeblog\/wp-json\/wp\/v2\/posts\/11568\/revisions"}],"predecessor-version":[{"id":11569,"href":"https:\/\/www.uruloki.org\/felipeblog\/wp-json\/wp\/v2\/posts\/11568\/revisions\/11569"}],"wp:attachment":[{"href":"https:\/\/www.uruloki.org\/felipeblog\/wp-json\/wp\/v2\/media?parent=11568"}],"wp:term":[{"taxonomy":"category","embeddable":true,"href":"https:\/\/www.uruloki.org\/felipeblog\/wp-json\/wp\/v2\/categories?post=11568"},{"taxonomy":"post_tag","embeddable":true,"href":"https:\/\/www.uruloki.org\/felipeblog\/wp-json\/wp\/v2\/tags?post=11568"}],"curies":[{"name":"wp","href":"https:\/\/api.w.org\/{rel}","templated":true}]}}