{"id":11427,"date":"2013-10-13T19:21:27","date_gmt":"2013-10-13T17:21:27","guid":{"rendered":"https:\/\/uruloki.org\/felipeblog\/?p=11427"},"modified":"2013-10-13T19:21:27","modified_gmt":"2013-10-13T17:21:27","slug":"el-primer-trailer-y-puede-que-el-ltimo-de-hercules-the-legend-begins-la-de-renny-harling-y-kellan-lutz","status":"publish","type":"post","link":"https:\/\/www.uruloki.org\/felipeblog\/cine-de-fantasia\/el-primer-trailer-y-puede-que-el-ltimo-de-hercules-the-legend-begins-la-de-renny-harling-y-kellan-lutz","title":{"rendered":"El primer trailer, y puede que el &uacute;ltimo, de Hercules: The Legend Begins, la de Renny Harling y Kellan Lutz&#8230;"},"content":{"rendered":"<p>Como se ven&iacute;a anunciando, y como parte de todo el juego que est&aacute; dando la <strong>New York Comic-Con<\/strong> (a nivel cine no mucho), nos llega el primer trailer de <strong>Hercules: The Legend Begins<\/strong> (2014) de <strong>Renny Harlin<\/strong>, intento por parte de <strong>Millennium Films<\/strong> de montar un segundo proyecto basado en el m&iacute;tico personaje pero que se comer&aacute; los mocos, visto lo visto, frente al <strong>Hercules: The Thracian Wars<\/strong> (2014) de <strong>Brett Ratner<\/strong> y <strong>Dwayne &quot;The Rock&quot; Johnson<\/strong>. El trailer es una peligrosa mixtura de <strong>300<\/strong> (2007), solo le faltan los verdaderos espartanos gritando, una versi&oacute;n mojigata de <strong>&quot;Spartacus&quot;<\/strong> (2010-2013) y dosis de <strong>Gladiator<\/strong> (2000) en modo serie B, o Z. Eso si, el cero gotas de sangre cuando est&aacute;s cortando cuellos, atravesando torsos y cortando miembros me parece de traca. Seamos serios y m&aacute;s siendo el estudio que es.<\/p>\n<div class=\"video\"><iframe loading=\"lazy\" width=\"625\" height=\"380\" src=\"\/\/www.youtube.com\/embed\/eBq1AupSrLI?rel=0\"><\/iframe><\/div>\n<p class=\"centrado\"><img loading=\"lazy\" decoding=\"async\" src=\"https:\/\/uruloki.org\/felipeblog\/images2013-1\/20130526-hercules3d.jpg\" alt=\"El &uacute;nico cartel que tenemos hasta ahora de Hercules: The Legend Begins\" width=\"550\" height=\"704\" \/><br \/><em>El &uacute;nico cartel que tenemos hasta ahora de Hercules: The Legend Begins<\/em><\/p>\n","protected":false},"excerpt":{"rendered":"<p>Como se ven&iacute;a anunciando, y como parte de todo el juego que est&aacute; dando la New York Comic-Con (a nivel cine no mucho), nos llega el primer trailer de Hercules: The Legend Begins (2014) de Renny Harlin, intento por parte de Millennium Films de montar un segundo proyecto basado en el m&iacute;tico personaje pero que [&hellip;]<\/p>\n","protected":false},"author":28,"featured_media":0,"comment_status":"open","ping_status":"open","sticky":false,"template":"","format":"standard","meta":{"footnotes":""},"categories":[12,19],"tags":[2737],"class_list":["post-11427","post","type-post","status-publish","format-standard","hentry","category-cine-de-fantasia","category-cine-inclasificable","tag-hercules-the-legend-begins"],"yoast_head":"<!-- This site is optimized with the Yoast SEO plugin v27.5 - https:\/\/yoast.com\/product\/yoast-seo-wordpress\/ -->\n<title>El primer trailer, y puede que el &uacute;ltimo, de Hercules: The Legend Begins, la de Renny Harling y Kellan Lutz... - Uruloki :: Blog<\/title>\n<meta name=\"robots\" content=\"index, follow, max-snippet:-1, max-image-preview:large, max-video-preview:-1\" \/>\n<link rel=\"canonical\" href=\"https:\/\/www.uruloki.org\/felipeblog\/cine-de-fantasia\/el-primer-trailer-y-puede-que-el-ltimo-de-hercules-the-legend-begins-la-de-renny-harling-y-kellan-lutz\" \/>\n<meta property=\"og:locale\" content=\"es_ES\" \/>\n<meta property=\"og:type\" content=\"article\" \/>\n<meta property=\"og:title\" content=\"El primer trailer, y puede que el &uacute;ltimo, de Hercules: The Legend Begins, la de Renny Harling y Kellan Lutz... - Uruloki :: Blog\" \/>\n<meta property=\"og:description\" content=\"Como se ven&iacute;a anunciando, y como parte de todo el juego que est&aacute; dando la New York Comic-Con (a nivel cine no mucho), nos llega el primer trailer de Hercules: The Legend Begins (2014) de Renny Harlin, intento por parte de Millennium Films de montar un segundo proyecto basado en el m&iacute;tico personaje pero que [&hellip;]\" \/>\n<meta property=\"og:url\" content=\"https:\/\/www.uruloki.org\/felipeblog\/cine-de-fantasia\/el-primer-trailer-y-puede-que-el-ltimo-de-hercules-the-legend-begins-la-de-renny-harling-y-kellan-lutz\" \/>\n<meta property=\"og:site_name\" content=\"Uruloki :: Blog\" \/>\n<meta property=\"article:publisher\" content=\"https:\/\/www.facebook.com\/uruloki.org\" \/>\n<meta property=\"article:published_time\" content=\"2013-10-13T17:21:27+00:00\" \/>\n<meta property=\"og:image\" content=\"https:\/\/uruloki.org\/felipeblog\/images2013-1\/20130526-hercules3d.jpg\" \/>\n<meta name=\"author\" content=\"Uruloki\" \/>\n<meta name=\"twitter:card\" content=\"summary_large_image\" \/>\n<meta name=\"twitter:creator\" content=\"@uruloki\" \/>\n<meta name=\"twitter:site\" content=\"@uruloki\" \/>\n<meta name=\"twitter:label1\" content=\"Escrito por\" \/>\n\t<meta name=\"twitter:data1\" content=\"Uruloki\" \/>\n\t<meta name=\"twitter:label2\" content=\"Tiempo de lectura\" \/>\n\t<meta name=\"twitter:data2\" content=\"1 minuto\" \/>\n<script type=\"application\/ld+json\" class=\"yoast-schema-graph\">{\"@context\":\"https:\\\/\\\/schema.org\",\"@graph\":[{\"@type\":\"Article\",\"@id\":\"https:\\\/\\\/www.uruloki.org\\\/felipeblog\\\/cine-de-fantasia\\\/el-primer-trailer-y-puede-que-el-ltimo-de-hercules-the-legend-begins-la-de-renny-harling-y-kellan-lutz#article\",\"isPartOf\":{\"@id\":\"https:\\\/\\\/www.uruloki.org\\\/felipeblog\\\/cine-de-fantasia\\\/el-primer-trailer-y-puede-que-el-ltimo-de-hercules-the-legend-begins-la-de-renny-harling-y-kellan-lutz\"},\"author\":{\"name\":\"Uruloki\",\"@id\":\"https:\\\/\\\/www.uruloki.org\\\/felipeblog\\\/#\\\/schema\\\/person\\\/ddba06ddaa27edf0c370460d05c51bb3\"},\"headline\":\"El primer trailer, y puede que el &uacute;ltimo, de Hercules: The Legend Begins, la de Renny Harling y Kellan Lutz&#8230;\",\"datePublished\":\"2013-10-13T17:21:27+00:00\",\"mainEntityOfPage\":{\"@id\":\"https:\\\/\\\/www.uruloki.org\\\/felipeblog\\\/cine-de-fantasia\\\/el-primer-trailer-y-puede-que-el-ltimo-de-hercules-the-legend-begins-la-de-renny-harling-y-kellan-lutz\"},\"wordCount\":184,\"commentCount\":9,\"image\":{\"@id\":\"https:\\\/\\\/www.uruloki.org\\\/felipeblog\\\/cine-de-fantasia\\\/el-primer-trailer-y-puede-que-el-ltimo-de-hercules-the-legend-begins-la-de-renny-harling-y-kellan-lutz#primaryimage\"},\"thumbnailUrl\":\"https:\\\/\\\/uruloki.org\\\/felipeblog\\\/images2013-1\\\/20130526-hercules3d.jpg\",\"keywords\":[\"Hercules: The Legend Begins\"],\"articleSection\":[\"Cine de Fantas\u00eda\",\"Cine Inclasificable\"],\"inLanguage\":\"es\",\"potentialAction\":[{\"@type\":\"CommentAction\",\"name\":\"Comment\",\"target\":[\"https:\\\/\\\/www.uruloki.org\\\/felipeblog\\\/cine-de-fantasia\\\/el-primer-trailer-y-puede-que-el-ltimo-de-hercules-the-legend-begins-la-de-renny-harling-y-kellan-lutz#respond\"]}]},{\"@type\":\"WebPage\",\"@id\":\"https:\\\/\\\/www.uruloki.org\\\/felipeblog\\\/cine-de-fantasia\\\/el-primer-trailer-y-puede-que-el-ltimo-de-hercules-the-legend-begins-la-de-renny-harling-y-kellan-lutz\",\"url\":\"https:\\\/\\\/www.uruloki.org\\\/felipeblog\\\/cine-de-fantasia\\\/el-primer-trailer-y-puede-que-el-ltimo-de-hercules-the-legend-begins-la-de-renny-harling-y-kellan-lutz\",\"name\":\"El primer trailer, y puede que el &uacute;ltimo, de Hercules: The Legend Begins, la de Renny Harling y Kellan Lutz... - Uruloki :: Blog\",\"isPartOf\":{\"@id\":\"https:\\\/\\\/www.uruloki.org\\\/felipeblog\\\/#website\"},\"primaryImageOfPage\":{\"@id\":\"https:\\\/\\\/www.uruloki.org\\\/felipeblog\\\/cine-de-fantasia\\\/el-primer-trailer-y-puede-que-el-ltimo-de-hercules-the-legend-begins-la-de-renny-harling-y-kellan-lutz#primaryimage\"},\"image\":{\"@id\":\"https:\\\/\\\/www.uruloki.org\\\/felipeblog\\\/cine-de-fantasia\\\/el-primer-trailer-y-puede-que-el-ltimo-de-hercules-the-legend-begins-la-de-renny-harling-y-kellan-lutz#primaryimage\"},\"thumbnailUrl\":\"https:\\\/\\\/uruloki.org\\\/felipeblog\\\/images2013-1\\\/20130526-hercules3d.jpg\",\"datePublished\":\"2013-10-13T17:21:27+00:00\",\"author\":{\"@id\":\"https:\\\/\\\/www.uruloki.org\\\/felipeblog\\\/#\\\/schema\\\/person\\\/ddba06ddaa27edf0c370460d05c51bb3\"},\"breadcrumb\":{\"@id\":\"https:\\\/\\\/www.uruloki.org\\\/felipeblog\\\/cine-de-fantasia\\\/el-primer-trailer-y-puede-que-el-ltimo-de-hercules-the-legend-begins-la-de-renny-harling-y-kellan-lutz#breadcrumb\"},\"inLanguage\":\"es\",\"potentialAction\":[{\"@type\":\"ReadAction\",\"target\":[\"https:\\\/\\\/www.uruloki.org\\\/felipeblog\\\/cine-de-fantasia\\\/el-primer-trailer-y-puede-que-el-ltimo-de-hercules-the-legend-begins-la-de-renny-harling-y-kellan-lutz\"]}]},{\"@type\":\"ImageObject\",\"inLanguage\":\"es\",\"@id\":\"https:\\\/\\\/www.uruloki.org\\\/felipeblog\\\/cine-de-fantasia\\\/el-primer-trailer-y-puede-que-el-ltimo-de-hercules-the-legend-begins-la-de-renny-harling-y-kellan-lutz#primaryimage\",\"url\":\"https:\\\/\\\/uruloki.org\\\/felipeblog\\\/images2013-1\\\/20130526-hercules3d.jpg\",\"contentUrl\":\"https:\\\/\\\/uruloki.org\\\/felipeblog\\\/images2013-1\\\/20130526-hercules3d.jpg\"},{\"@type\":\"BreadcrumbList\",\"@id\":\"https:\\\/\\\/www.uruloki.org\\\/felipeblog\\\/cine-de-fantasia\\\/el-primer-trailer-y-puede-que-el-ltimo-de-hercules-the-legend-begins-la-de-renny-harling-y-kellan-lutz#breadcrumb\",\"itemListElement\":[{\"@type\":\"ListItem\",\"position\":1,\"name\":\"Portada\",\"item\":\"https:\\\/\\\/www.uruloki.org\\\/felipeblog\"},{\"@type\":\"ListItem\",\"position\":2,\"name\":\"El primer trailer, y puede que el &uacute;ltimo, de Hercules: The Legend Begins, la de Renny Harling y Kellan Lutz&#8230;\"}]},{\"@type\":\"WebSite\",\"@id\":\"https:\\\/\\\/www.uruloki.org\\\/felipeblog\\\/#website\",\"url\":\"https:\\\/\\\/www.uruloki.org\\\/felipeblog\\\/\",\"name\":\"Uruloki :: Blog\",\"description\":\"Blog de cine, terror, ciencia ficci\u00f3n, fantas\u00eda y c\u00f3mics\",\"potentialAction\":[{\"@type\":\"SearchAction\",\"target\":{\"@type\":\"EntryPoint\",\"urlTemplate\":\"https:\\\/\\\/www.uruloki.org\\\/felipeblog\\\/?s={search_term_string}\"},\"query-input\":{\"@type\":\"PropertyValueSpecification\",\"valueRequired\":true,\"valueName\":\"search_term_string\"}}],\"inLanguage\":\"es\"},{\"@type\":\"Person\",\"@id\":\"https:\\\/\\\/www.uruloki.org\\\/felipeblog\\\/#\\\/schema\\\/person\\\/ddba06ddaa27edf0c370460d05c51bb3\",\"name\":\"Uruloki\",\"image\":{\"@type\":\"ImageObject\",\"inLanguage\":\"es\",\"@id\":\"https:\\\/\\\/secure.gravatar.com\\\/avatar\\\/68d5301c5f52ba88fd63f02c75b8c4d1b3c3fc4b21e2998a1e98c4b3a54d9f7c?s=96&d=mm&r=g\",\"url\":\"https:\\\/\\\/secure.gravatar.com\\\/avatar\\\/68d5301c5f52ba88fd63f02c75b8c4d1b3c3fc4b21e2998a1e98c4b3a54d9f7c?s=96&d=mm&r=g\",\"contentUrl\":\"https:\\\/\\\/secure.gravatar.com\\\/avatar\\\/68d5301c5f52ba88fd63f02c75b8c4d1b3c3fc4b21e2998a1e98c4b3a54d9f7c?s=96&d=mm&r=g\",\"caption\":\"Uruloki\"},\"sameAs\":[\"https:\\\/\\\/uruloki.org\"],\"url\":\"https:\\\/\\\/www.uruloki.org\\\/felipeblog\\\/author\\\/admin-2-2-2\"}]}<\/script>\n<!-- \/ Yoast SEO plugin. -->","yoast_head_json":{"title":"El primer trailer, y puede que el &uacute;ltimo, de Hercules: The Legend Begins, la de Renny Harling y Kellan Lutz... - Uruloki :: Blog","robots":{"index":"index","follow":"follow","max-snippet":"max-snippet:-1","max-image-preview":"max-image-preview:large","max-video-preview":"max-video-preview:-1"},"canonical":"https:\/\/www.uruloki.org\/felipeblog\/cine-de-fantasia\/el-primer-trailer-y-puede-que-el-ltimo-de-hercules-the-legend-begins-la-de-renny-harling-y-kellan-lutz","og_locale":"es_ES","og_type":"article","og_title":"El primer trailer, y puede que el &uacute;ltimo, de Hercules: The Legend Begins, la de Renny Harling y Kellan Lutz... - Uruloki :: Blog","og_description":"Como se ven&iacute;a anunciando, y como parte de todo el juego que est&aacute; dando la New York Comic-Con (a nivel cine no mucho), nos llega el primer trailer de Hercules: The Legend Begins (2014) de Renny Harlin, intento por parte de Millennium Films de montar un segundo proyecto basado en el m&iacute;tico personaje pero que [&hellip;]","og_url":"https:\/\/www.uruloki.org\/felipeblog\/cine-de-fantasia\/el-primer-trailer-y-puede-que-el-ltimo-de-hercules-the-legend-begins-la-de-renny-harling-y-kellan-lutz","og_site_name":"Uruloki :: Blog","article_publisher":"https:\/\/www.facebook.com\/uruloki.org","article_published_time":"2013-10-13T17:21:27+00:00","og_image":[{"url":"https:\/\/uruloki.org\/felipeblog\/images2013-1\/20130526-hercules3d.jpg","type":"","width":"","height":""}],"author":"Uruloki","twitter_card":"summary_large_image","twitter_creator":"@uruloki","twitter_site":"@uruloki","twitter_misc":{"Escrito por":"Uruloki","Tiempo de lectura":"1 minuto"},"schema":{"@context":"https:\/\/schema.org","@graph":[{"@type":"Article","@id":"https:\/\/www.uruloki.org\/felipeblog\/cine-de-fantasia\/el-primer-trailer-y-puede-que-el-ltimo-de-hercules-the-legend-begins-la-de-renny-harling-y-kellan-lutz#article","isPartOf":{"@id":"https:\/\/www.uruloki.org\/felipeblog\/cine-de-fantasia\/el-primer-trailer-y-puede-que-el-ltimo-de-hercules-the-legend-begins-la-de-renny-harling-y-kellan-lutz"},"author":{"name":"Uruloki","@id":"https:\/\/www.uruloki.org\/felipeblog\/#\/schema\/person\/ddba06ddaa27edf0c370460d05c51bb3"},"headline":"El primer trailer, y puede que el &uacute;ltimo, de Hercules: The Legend Begins, la de Renny Harling y Kellan Lutz&#8230;","datePublished":"2013-10-13T17:21:27+00:00","mainEntityOfPage":{"@id":"https:\/\/www.uruloki.org\/felipeblog\/cine-de-fantasia\/el-primer-trailer-y-puede-que-el-ltimo-de-hercules-the-legend-begins-la-de-renny-harling-y-kellan-lutz"},"wordCount":184,"commentCount":9,"image":{"@id":"https:\/\/www.uruloki.org\/felipeblog\/cine-de-fantasia\/el-primer-trailer-y-puede-que-el-ltimo-de-hercules-the-legend-begins-la-de-renny-harling-y-kellan-lutz#primaryimage"},"thumbnailUrl":"https:\/\/uruloki.org\/felipeblog\/images2013-1\/20130526-hercules3d.jpg","keywords":["Hercules: The Legend Begins"],"articleSection":["Cine de Fantas\u00eda","Cine Inclasificable"],"inLanguage":"es","potentialAction":[{"@type":"CommentAction","name":"Comment","target":["https:\/\/www.uruloki.org\/felipeblog\/cine-de-fantasia\/el-primer-trailer-y-puede-que-el-ltimo-de-hercules-the-legend-begins-la-de-renny-harling-y-kellan-lutz#respond"]}]},{"@type":"WebPage","@id":"https:\/\/www.uruloki.org\/felipeblog\/cine-de-fantasia\/el-primer-trailer-y-puede-que-el-ltimo-de-hercules-the-legend-begins-la-de-renny-harling-y-kellan-lutz","url":"https:\/\/www.uruloki.org\/felipeblog\/cine-de-fantasia\/el-primer-trailer-y-puede-que-el-ltimo-de-hercules-the-legend-begins-la-de-renny-harling-y-kellan-lutz","name":"El primer trailer, y puede que el &uacute;ltimo, de Hercules: The Legend Begins, la de Renny Harling y Kellan Lutz... - Uruloki :: Blog","isPartOf":{"@id":"https:\/\/www.uruloki.org\/felipeblog\/#website"},"primaryImageOfPage":{"@id":"https:\/\/www.uruloki.org\/felipeblog\/cine-de-fantasia\/el-primer-trailer-y-puede-que-el-ltimo-de-hercules-the-legend-begins-la-de-renny-harling-y-kellan-lutz#primaryimage"},"image":{"@id":"https:\/\/www.uruloki.org\/felipeblog\/cine-de-fantasia\/el-primer-trailer-y-puede-que-el-ltimo-de-hercules-the-legend-begins-la-de-renny-harling-y-kellan-lutz#primaryimage"},"thumbnailUrl":"https:\/\/uruloki.org\/felipeblog\/images2013-1\/20130526-hercules3d.jpg","datePublished":"2013-10-13T17:21:27+00:00","author":{"@id":"https:\/\/www.uruloki.org\/felipeblog\/#\/schema\/person\/ddba06ddaa27edf0c370460d05c51bb3"},"breadcrumb":{"@id":"https:\/\/www.uruloki.org\/felipeblog\/cine-de-fantasia\/el-primer-trailer-y-puede-que-el-ltimo-de-hercules-the-legend-begins-la-de-renny-harling-y-kellan-lutz#breadcrumb"},"inLanguage":"es","potentialAction":[{"@type":"ReadAction","target":["https:\/\/www.uruloki.org\/felipeblog\/cine-de-fantasia\/el-primer-trailer-y-puede-que-el-ltimo-de-hercules-the-legend-begins-la-de-renny-harling-y-kellan-lutz"]}]},{"@type":"ImageObject","inLanguage":"es","@id":"https:\/\/www.uruloki.org\/felipeblog\/cine-de-fantasia\/el-primer-trailer-y-puede-que-el-ltimo-de-hercules-the-legend-begins-la-de-renny-harling-y-kellan-lutz#primaryimage","url":"https:\/\/uruloki.org\/felipeblog\/images2013-1\/20130526-hercules3d.jpg","contentUrl":"https:\/\/uruloki.org\/felipeblog\/images2013-1\/20130526-hercules3d.jpg"},{"@type":"BreadcrumbList","@id":"https:\/\/www.uruloki.org\/felipeblog\/cine-de-fantasia\/el-primer-trailer-y-puede-que-el-ltimo-de-hercules-the-legend-begins-la-de-renny-harling-y-kellan-lutz#breadcrumb","itemListElement":[{"@type":"ListItem","position":1,"name":"Portada","item":"https:\/\/www.uruloki.org\/felipeblog"},{"@type":"ListItem","position":2,"name":"El primer trailer, y puede que el &uacute;ltimo, de Hercules: The Legend Begins, la de Renny Harling y Kellan Lutz&#8230;"}]},{"@type":"WebSite","@id":"https:\/\/www.uruloki.org\/felipeblog\/#website","url":"https:\/\/www.uruloki.org\/felipeblog\/","name":"Uruloki :: Blog","description":"Blog de cine, terror, ciencia ficci\u00f3n, fantas\u00eda y c\u00f3mics","potentialAction":[{"@type":"SearchAction","target":{"@type":"EntryPoint","urlTemplate":"https:\/\/www.uruloki.org\/felipeblog\/?s={search_term_string}"},"query-input":{"@type":"PropertyValueSpecification","valueRequired":true,"valueName":"search_term_string"}}],"inLanguage":"es"},{"@type":"Person","@id":"https:\/\/www.uruloki.org\/felipeblog\/#\/schema\/person\/ddba06ddaa27edf0c370460d05c51bb3","name":"Uruloki","image":{"@type":"ImageObject","inLanguage":"es","@id":"https:\/\/secure.gravatar.com\/avatar\/68d5301c5f52ba88fd63f02c75b8c4d1b3c3fc4b21e2998a1e98c4b3a54d9f7c?s=96&d=mm&r=g","url":"https:\/\/secure.gravatar.com\/avatar\/68d5301c5f52ba88fd63f02c75b8c4d1b3c3fc4b21e2998a1e98c4b3a54d9f7c?s=96&d=mm&r=g","contentUrl":"https:\/\/secure.gravatar.com\/avatar\/68d5301c5f52ba88fd63f02c75b8c4d1b3c3fc4b21e2998a1e98c4b3a54d9f7c?s=96&d=mm&r=g","caption":"Uruloki"},"sameAs":["https:\/\/uruloki.org"],"url":"https:\/\/www.uruloki.org\/felipeblog\/author\/admin-2-2-2"}]}},"_links":{"self":[{"href":"https:\/\/www.uruloki.org\/felipeblog\/wp-json\/wp\/v2\/posts\/11427","targetHints":{"allow":["GET"]}}],"collection":[{"href":"https:\/\/www.uruloki.org\/felipeblog\/wp-json\/wp\/v2\/posts"}],"about":[{"href":"https:\/\/www.uruloki.org\/felipeblog\/wp-json\/wp\/v2\/types\/post"}],"author":[{"embeddable":true,"href":"https:\/\/www.uruloki.org\/felipeblog\/wp-json\/wp\/v2\/users\/28"}],"replies":[{"embeddable":true,"href":"https:\/\/www.uruloki.org\/felipeblog\/wp-json\/wp\/v2\/comments?post=11427"}],"version-history":[{"count":1,"href":"https:\/\/www.uruloki.org\/felipeblog\/wp-json\/wp\/v2\/posts\/11427\/revisions"}],"predecessor-version":[{"id":11428,"href":"https:\/\/www.uruloki.org\/felipeblog\/wp-json\/wp\/v2\/posts\/11427\/revisions\/11428"}],"wp:attachment":[{"href":"https:\/\/www.uruloki.org\/felipeblog\/wp-json\/wp\/v2\/media?parent=11427"}],"wp:term":[{"taxonomy":"category","embeddable":true,"href":"https:\/\/www.uruloki.org\/felipeblog\/wp-json\/wp\/v2\/categories?post=11427"},{"taxonomy":"post_tag","embeddable":true,"href":"https:\/\/www.uruloki.org\/felipeblog\/wp-json\/wp\/v2\/tags?post=11427"}],"curies":[{"name":"wp","href":"https:\/\/api.w.org\/{rel}","templated":true}]}}