{"id":10702,"date":"2013-07-12T11:44:17","date_gmt":"2013-07-12T09:44:17","guid":{"rendered":"https:\/\/uruloki.org\/felipeblog\/?p=10702"},"modified":"2013-07-12T11:44:17","modified_gmt":"2013-07-12T09:44:17","slug":"se-filtra-un-concept-art-de-thor-el-mundo-oscuro-destinado-para-presentarse-en-la-comic-con-2013-primer-vistazo-a-un-musculoso-y-repleto-de-cicatrices-aaron-eckhart-como-i-frankestein-carrie-no-le","status":"publish","type":"post","link":"https:\/\/www.uruloki.org\/felipeblog\/cine-de-ciencia-ficcion\/se-filtra-un-concept-art-de-thor-el-mundo-oscuro-destinado-para-presentarse-en-la-comic-con-2013-primer-vistazo-a-un-musculoso-y-repleto-de-cicatrices-aaron-eckhart-como-i-frankestein-carrie-no-le","title":{"rendered":"Se filtra un concept art de Thor: el mundo oscuro destinado para presentarse en la Comic-Con 2013, primer vistazo a un musculoso y repleto de cicatrices Aaron Eckhart como I, Frankestein, Carrie no le tiene miedo a la mala suerte que trae romper un espejo, Kit &quot;Jon Nieve&quot; Harington da la cara en el nuevo cartel de El aprendiz del espectro (Seventh Son), Carla Gugino apuesta por &quot;Wayward Pines&quot; demostrando su confianza en M. Night Shyamalan y 20th Century Fox nos traer&aacute; CyberStorm, una historia de ciencia ficci&oacute;n sobre un apag&oacute;n cibern&eacute;tico&#8230;"},"content":{"rendered":"<p>Tras la vor&aacute;gine de ayer, menuda cantidad de entradas para un jueves cualquiera, me centro en las noticias de hoy comenzando con un primer detalle de <em>concept art<\/em> de <strong>Thor: el mundo oscuro<\/strong> (<em>Thor: The Dark World<\/em>, 2013) de <strong>Alan Taylor<\/strong>. <a href=\"http:\/\/www.comicbookmovie.com\/fansites\/MarvelFreshman\/news\/?a=83104\" target=\"_blank\">Ha aparecido, filtrado, en ComicBookMovies.com y es obra de Charlie Wen<\/a>, otro de los fijos en las fases previas de preproducci&oacute;n de los films salidos de <strong>Marvel Studios<\/strong>. Aparentemente se tratad de un <em>concept art<\/em> que deb&iacute;a aparecer en primicia en la <strong>Comic-Con<\/strong> de San Diego de la semana que viene, pero visto lo visto aqu&iacute; est&aacute; ya&#8230; supongo que la versi&oacute;n oficial se ver&aacute; mejor.<\/p>\n<p class=\"centrado\"><img loading=\"lazy\" decoding=\"async\" src=\"https:\/\/uruloki.org\/felipeblog\/images2013-2\/20130712-thorthedarkworld.jpg\" alt=\"Nuevo concept art de Thor: el mundo oscuro obra de Charlie Wen\" width=\"465\" height=\"920\" \/><br \/><em>Nuevo concept art de Thor: el mundo oscuro obra de Charlie Wen<\/em><\/p>\n<p><a href=\"http:\/\/www.deadline.com\/2013\/07\/carla-gugino-cast-in-foxs-m-night-shyamalan-wayward-pines\/\" target=\"_blank\">Deadline nos adelanta<\/a> que <strong>Carla Gugino<\/strong> ha sido fichada para unirse al reparto de la atrayente <strong>&quot;Wayward Pines&quot;<\/strong> (&iquest;?), la apuesta televisiva de <strong>M. Night Shyamalan<\/strong> para la <strong>Fox<\/strong>. La <strong>Gugino<\/strong> encarnar&aacute; a <strong>Kate Hewson<\/strong>, esa en la que se fijar&aacute; el protagonista <strong>Ethan Burke<\/strong> en esta historia de misterio grotesco. Para el que no est&eacute; al tanto, comentar que <strong>&quot;Wayward Pines&quot;<\/strong> cuenta la historia de una gente del servicio secreto, este <strong>Ethan Burker<\/strong> con cara de <strong>Matt Dillon<\/strong>, que se va al pueblo de <strong>Wayward Pines<\/strong> para tratar de encontrar a dos agentes de FBI que han desaparecido sin dejar rastro. Basado en una novela de <strong>Blake Crouch<\/strong>, a cada paso que da <strong>Burker<\/strong> en la investigaci&oacute;n las preguntas afloran y los misterios se hacen m&aacute;s retorcidos&#8230; hasta el punto de descubrir que de <strong>Wayward Pines<\/strong> no se sale si no es con los pies por delante. La serie forma parte de la nueva lista de estrenos que debutar&aacute;n en el 2014. Por ahora tiene tablas para resultar bien.<\/p>\n<p class=\"centrado\"><img loading=\"lazy\" decoding=\"async\" src=\"https:\/\/uruloki.org\/felipeblog\/images2013-2\/20130712-seventhson.jpg\" alt=\"Kit Harington no es Jon Nieve en El aprendiz del espectro (Seventh Son)\" width=\"500\" height=\"743\" \/><br \/><em>Kit Harington no es Jon Nieve en El aprendiz del espectro (Seventh Son), <a href=\"http:\/\/www.impawards.com\/updates\/20130711c.html\" target=\"_blank\">v&iacute;a IMPAwards<\/a><\/em><\/p>\n<p>Y sigue la promoci&oacute;n <strong>Comic-Con<\/strong> en <strong>Entertainment Weekly<\/strong>, y otros medios, de cara al mi&eacute;rcoles de la semana que viene. Por ejemplo, <a href=\"http:\/\/www.shocktillyoudrop.com\/news\/174917-frankensteins-monster-revealed-in-i-frankenstein\" target=\"_blank\">en ShockTillYouDrop.com<\/a> podemos encontrar un escaneo del &uacute;ltimo n&uacute;mero de la revista, el especial dedicado a la feria de San Diego, donde podemos ver el maquillaje final que lucir&aacute; <strong>Aaron Eckhart<\/strong> en <strong>I, Frankestein<\/strong> (2013) de <strong>Stuart Beattie<\/strong>. Seamos realistas, es lo esperado pero, tampoco se debe negar, esperaba un poco m&aacute;s. Mucha cicatriz y poca innovaci&oacute;n para una versi&oacute;n de la criatura que no se si en el c&oacute;mic es tan humana como se demuestra en la imagen. &iquest;Os convence? La segunda imagen es una nueva de <strong>Carrie<\/strong> (2013) de <strong>Kimberly Pierce<\/strong> y deja claro que eso de los malos augurios se la traen al pairo a la buena de <strong>Chl&ouml;e Grace Moretz<\/strong>&#8230;<\/p>\n<p class=\"centrado\"><img loading=\"lazy\" decoding=\"async\" src=\"https:\/\/uruloki.org\/felipeblog\/images2013-2\/20130712-ifrankestein.jpg\" alt=\"Nunca el monstruo de Frankenstein fue tan poco monstruoso... I, Aaron Eckhart\" width=\"500\" height=\"562\" \/><br \/><em>Nunca el monstruo de Frankenstein fue tan poco monstruoso&#8230; I, Aaron Eckhart<\/em><\/p>\n<p>Para terminar comentar que en <strong>Variety<\/strong> indican que <a href=\"http:\/\/variety.com\/2013\/film\/news\/fox-options-cyberstorm-for-chernin-1200561624\/\" target=\"_blank\">20th Century Fox se ha hecho con &quot;CyberStorm&quot;<\/a>, una novela de ciencia ficci&oacute;n autipublicada por <strong>Matthew Mather<\/strong> que ha atra&iacute;do al estudio por ser una visi&oacute;n muy realista de lo que ocurrir&iacute;a si, tras un ataque organizado, toda entidad digital acabara apagada&#8230; &iquest;no es esto como <strong>&quot;Revolution&quot;<\/strong> (2012-&iquest;?)? La historia se centra en un hombre de familia que se ve con los suyos abocados al mayor de los caos cuando la ciudad de Manhattan se llena de millones de personas aterrorizadas y confundidas al no poder encender sus iPods, consultar su correo electr&oacute;nico o visitar X-Videos. La novela, curiosamente, se ha aupado a los primeros puestos de las listas de ventas de ciencia ficci&oacute;n de Amazon compartiendo puestos de honor con obras ahora en boca de todos.<\/p>\n<p class=\"centrado\"><img loading=\"lazy\" decoding=\"async\" src=\"https:\/\/uruloki.org\/felipeblog\/images2013-2\/20130712-carrie.jpg\" alt=\"Siete a&ntilde;os de mala suerte para Chl&ouml;e Grace Moretz en Carrie\" width=\"500\" height=\"634\" \/><br \/><em>Siete a&ntilde;os de mala suerte para Chl&ouml;e Grace Moretz en Carrie<\/em><\/p>\n","protected":false},"excerpt":{"rendered":"<p>Tras la vor&aacute;gine de ayer, menuda cantidad de entradas para un jueves cualquiera, me centro en las noticias de hoy comenzando con un primer detalle de concept art de Thor: el mundo oscuro (Thor: The Dark World, 2013) de Alan Taylor. Ha aparecido, filtrado, en ComicBookMovies.com y es obra de Charlie Wen, otro de los [&hellip;]<\/p>\n","protected":false},"author":28,"featured_media":0,"comment_status":"open","ping_status":"open","sticky":false,"template":"","format":"standard","meta":{"footnotes":""},"categories":[10,8,12,9,2586,14],"tags":[1736,2614,855,1629,2204,2421],"class_list":["post-10702","post","type-post","status-publish","format-standard","hentry","category-cine-de-comics","category-cine-de-ciencia-ficcion","category-cine-de-fantasia","category-cine-de-terror","category-comic-con-2013","category-arte-conceptual","tag-carrie","tag-cyberstorm","tag-i-frankestein","tag-the-seventh-son","tag-thor-the-dark-world","tag-wayward-pines"],"yoast_head":"<!-- This site is optimized with the Yoast SEO plugin v24.3 - https:\/\/yoast.com\/wordpress\/plugins\/seo\/ -->\n<title>Se filtra un concept art de Thor: el mundo oscuro destinado para presentarse en la Comic-Con 2013, primer vistazo a un musculoso y repleto de cicatrices Aaron Eckhart como I, Frankestein, Carrie no le tiene miedo a la mala suerte que trae romper un espejo, Kit &quot;Jon Nieve&quot; Harington da la cara en el nuevo cartel de El aprendiz del espectro (Seventh Son), Carla Gugino apuesta por &quot;Wayward Pines&quot; demostrando su confianza en M. Night Shyamalan y 20th Century Fox nos traer&aacute; CyberStorm, una historia de ciencia ficci&oacute;n sobre un apag&oacute;n cibern&eacute;tico... - Uruloki :: Blog<\/title>\n<meta name=\"robots\" content=\"index, follow, max-snippet:-1, max-image-preview:large, max-video-preview:-1\" \/>\n<link rel=\"canonical\" href=\"https:\/\/www.uruloki.org\/felipeblog\/cine-de-ciencia-ficcion\/se-filtra-un-concept-art-de-thor-el-mundo-oscuro-destinado-para-presentarse-en-la-comic-con-2013-primer-vistazo-a-un-musculoso-y-repleto-de-cicatrices-aaron-eckhart-como-i-frankestein-carrie-no-le\" \/>\n<meta property=\"og:locale\" content=\"es_ES\" \/>\n<meta property=\"og:type\" content=\"article\" \/>\n<meta property=\"og:title\" content=\"Se filtra un concept art de Thor: el mundo oscuro destinado para presentarse en la Comic-Con 2013, primer vistazo a un musculoso y repleto de cicatrices Aaron Eckhart como I, Frankestein, Carrie no le tiene miedo a la mala suerte que trae romper un espejo, Kit &quot;Jon Nieve&quot; Harington da la cara en el nuevo cartel de El aprendiz del espectro (Seventh Son), Carla Gugino apuesta por &quot;Wayward Pines&quot; demostrando su confianza en M. Night Shyamalan y 20th Century Fox nos traer&aacute; CyberStorm, una historia de ciencia ficci&oacute;n sobre un apag&oacute;n cibern&eacute;tico... - Uruloki :: Blog\" \/>\n<meta property=\"og:description\" content=\"Tras la vor&aacute;gine de ayer, menuda cantidad de entradas para un jueves cualquiera, me centro en las noticias de hoy comenzando con un primer detalle de concept art de Thor: el mundo oscuro (Thor: The Dark World, 2013) de Alan Taylor. Ha aparecido, filtrado, en ComicBookMovies.com y es obra de Charlie Wen, otro de los [&hellip;]\" \/>\n<meta property=\"og:url\" content=\"https:\/\/www.uruloki.org\/felipeblog\/cine-de-ciencia-ficcion\/se-filtra-un-concept-art-de-thor-el-mundo-oscuro-destinado-para-presentarse-en-la-comic-con-2013-primer-vistazo-a-un-musculoso-y-repleto-de-cicatrices-aaron-eckhart-como-i-frankestein-carrie-no-le\" \/>\n<meta property=\"og:site_name\" content=\"Uruloki :: Blog\" \/>\n<meta property=\"article:publisher\" content=\"https:\/\/www.facebook.com\/uruloki.org\" \/>\n<meta property=\"article:published_time\" content=\"2013-07-12T09:44:17+00:00\" \/>\n<meta property=\"og:image\" content=\"https:\/\/uruloki.org\/felipeblog\/images2013-2\/20130712-thorthedarkworld.jpg\" \/>\n<meta name=\"author\" content=\"Uruloki\" \/>\n<meta name=\"twitter:card\" content=\"summary_large_image\" \/>\n<meta name=\"twitter:creator\" content=\"@uruloki\" \/>\n<meta name=\"twitter:site\" content=\"@uruloki\" \/>\n<meta name=\"twitter:label1\" content=\"Escrito por\" \/>\n\t<meta name=\"twitter:data1\" content=\"Uruloki\" \/>\n\t<meta name=\"twitter:label2\" content=\"Tiempo de lectura\" \/>\n\t<meta name=\"twitter:data2\" content=\"3 minutos\" \/>\n<script type=\"application\/ld+json\" class=\"yoast-schema-graph\">{\"@context\":\"https:\/\/schema.org\",\"@graph\":[{\"@type\":\"WebPage\",\"@id\":\"https:\/\/www.uruloki.org\/felipeblog\/cine-de-ciencia-ficcion\/se-filtra-un-concept-art-de-thor-el-mundo-oscuro-destinado-para-presentarse-en-la-comic-con-2013-primer-vistazo-a-un-musculoso-y-repleto-de-cicatrices-aaron-eckhart-como-i-frankestein-carrie-no-le\",\"url\":\"https:\/\/www.uruloki.org\/felipeblog\/cine-de-ciencia-ficcion\/se-filtra-un-concept-art-de-thor-el-mundo-oscuro-destinado-para-presentarse-en-la-comic-con-2013-primer-vistazo-a-un-musculoso-y-repleto-de-cicatrices-aaron-eckhart-como-i-frankestein-carrie-no-le\",\"name\":\"Se filtra un concept art de Thor: el mundo oscuro destinado para presentarse en la Comic-Con 2013, primer vistazo a un musculoso y repleto de cicatrices Aaron Eckhart como I, Frankestein, Carrie no le tiene miedo a la mala suerte que trae romper un espejo, Kit &quot;Jon Nieve&quot; Harington da la cara en el nuevo cartel de El aprendiz del espectro (Seventh Son), Carla Gugino apuesta por &quot;Wayward Pines&quot; demostrando su confianza en M. Night Shyamalan y 20th Century Fox nos traer&aacute; CyberStorm, una historia de ciencia ficci&oacute;n sobre un apag&oacute;n cibern&eacute;tico... - Uruloki :: Blog\",\"isPartOf\":{\"@id\":\"https:\/\/www.uruloki.org\/felipeblog\/#website\"},\"primaryImageOfPage\":{\"@id\":\"https:\/\/www.uruloki.org\/felipeblog\/cine-de-ciencia-ficcion\/se-filtra-un-concept-art-de-thor-el-mundo-oscuro-destinado-para-presentarse-en-la-comic-con-2013-primer-vistazo-a-un-musculoso-y-repleto-de-cicatrices-aaron-eckhart-como-i-frankestein-carrie-no-le#primaryimage\"},\"image\":{\"@id\":\"https:\/\/www.uruloki.org\/felipeblog\/cine-de-ciencia-ficcion\/se-filtra-un-concept-art-de-thor-el-mundo-oscuro-destinado-para-presentarse-en-la-comic-con-2013-primer-vistazo-a-un-musculoso-y-repleto-de-cicatrices-aaron-eckhart-como-i-frankestein-carrie-no-le#primaryimage\"},\"thumbnailUrl\":\"https:\/\/uruloki.org\/felipeblog\/images2013-2\/20130712-thorthedarkworld.jpg\",\"datePublished\":\"2013-07-12T09:44:17+00:00\",\"dateModified\":\"2013-07-12T09:44:17+00:00\",\"author\":{\"@id\":\"https:\/\/www.uruloki.org\/felipeblog\/#\/schema\/person\/ddba06ddaa27edf0c370460d05c51bb3\"},\"breadcrumb\":{\"@id\":\"https:\/\/www.uruloki.org\/felipeblog\/cine-de-ciencia-ficcion\/se-filtra-un-concept-art-de-thor-el-mundo-oscuro-destinado-para-presentarse-en-la-comic-con-2013-primer-vistazo-a-un-musculoso-y-repleto-de-cicatrices-aaron-eckhart-como-i-frankestein-carrie-no-le#breadcrumb\"},\"inLanguage\":\"es\",\"potentialAction\":[{\"@type\":\"ReadAction\",\"target\":[\"https:\/\/www.uruloki.org\/felipeblog\/cine-de-ciencia-ficcion\/se-filtra-un-concept-art-de-thor-el-mundo-oscuro-destinado-para-presentarse-en-la-comic-con-2013-primer-vistazo-a-un-musculoso-y-repleto-de-cicatrices-aaron-eckhart-como-i-frankestein-carrie-no-le\"]}]},{\"@type\":\"ImageObject\",\"inLanguage\":\"es\",\"@id\":\"https:\/\/www.uruloki.org\/felipeblog\/cine-de-ciencia-ficcion\/se-filtra-un-concept-art-de-thor-el-mundo-oscuro-destinado-para-presentarse-en-la-comic-con-2013-primer-vistazo-a-un-musculoso-y-repleto-de-cicatrices-aaron-eckhart-como-i-frankestein-carrie-no-le#primaryimage\",\"url\":\"https:\/\/uruloki.org\/felipeblog\/images2013-2\/20130712-thorthedarkworld.jpg\",\"contentUrl\":\"https:\/\/uruloki.org\/felipeblog\/images2013-2\/20130712-thorthedarkworld.jpg\"},{\"@type\":\"BreadcrumbList\",\"@id\":\"https:\/\/www.uruloki.org\/felipeblog\/cine-de-ciencia-ficcion\/se-filtra-un-concept-art-de-thor-el-mundo-oscuro-destinado-para-presentarse-en-la-comic-con-2013-primer-vistazo-a-un-musculoso-y-repleto-de-cicatrices-aaron-eckhart-como-i-frankestein-carrie-no-le#breadcrumb\",\"itemListElement\":[{\"@type\":\"ListItem\",\"position\":1,\"name\":\"Portada\",\"item\":\"https:\/\/www.uruloki.org\/felipeblog\"},{\"@type\":\"ListItem\",\"position\":2,\"name\":\"Se filtra un concept art de Thor: el mundo oscuro destinado para presentarse en la Comic-Con 2013, primer vistazo a un musculoso y repleto de cicatrices Aaron Eckhart como I, Frankestein, Carrie no le tiene miedo a la mala suerte que trae romper un espejo, Kit &quot;Jon Nieve&quot; Harington da la cara en el nuevo cartel de El aprendiz del espectro (Seventh Son), Carla Gugino apuesta por &quot;Wayward Pines&quot; demostrando su confianza en M. Night Shyamalan y 20th Century Fox nos traer&aacute; CyberStorm, una historia de ciencia ficci&oacute;n sobre un apag&oacute;n cibern&eacute;tico&#8230;\"}]},{\"@type\":\"WebSite\",\"@id\":\"https:\/\/www.uruloki.org\/felipeblog\/#website\",\"url\":\"https:\/\/www.uruloki.org\/felipeblog\/\",\"name\":\"Uruloki :: Blog\",\"description\":\"Blog de cine, terror, ciencia ficci\u00f3n, fantas\u00eda y c\u00f3mics\",\"potentialAction\":[{\"@type\":\"SearchAction\",\"target\":{\"@type\":\"EntryPoint\",\"urlTemplate\":\"https:\/\/www.uruloki.org\/felipeblog\/?s={search_term_string}\"},\"query-input\":{\"@type\":\"PropertyValueSpecification\",\"valueRequired\":true,\"valueName\":\"search_term_string\"}}],\"inLanguage\":\"es\"},{\"@type\":\"Person\",\"@id\":\"https:\/\/www.uruloki.org\/felipeblog\/#\/schema\/person\/ddba06ddaa27edf0c370460d05c51bb3\",\"name\":\"Uruloki\",\"image\":{\"@type\":\"ImageObject\",\"inLanguage\":\"es\",\"@id\":\"https:\/\/www.uruloki.org\/felipeblog\/#\/schema\/person\/image\/\",\"url\":\"https:\/\/secure.gravatar.com\/avatar\/68d5301c5f52ba88fd63f02c75b8c4d1b3c3fc4b21e2998a1e98c4b3a54d9f7c?s=96&d=mm&r=g\",\"contentUrl\":\"https:\/\/secure.gravatar.com\/avatar\/68d5301c5f52ba88fd63f02c75b8c4d1b3c3fc4b21e2998a1e98c4b3a54d9f7c?s=96&d=mm&r=g\",\"caption\":\"Uruloki\"},\"sameAs\":[\"https:\/\/uruloki.org\"],\"url\":\"https:\/\/www.uruloki.org\/felipeblog\/author\/admin-2-2-2\"}]}<\/script>\n<!-- \/ Yoast SEO plugin. -->","yoast_head_json":{"title":"Se filtra un concept art de Thor: el mundo oscuro destinado para presentarse en la Comic-Con 2013, primer vistazo a un musculoso y repleto de cicatrices Aaron Eckhart como I, Frankestein, Carrie no le tiene miedo a la mala suerte que trae romper un espejo, Kit &quot;Jon Nieve&quot; Harington da la cara en el nuevo cartel de El aprendiz del espectro (Seventh Son), Carla Gugino apuesta por &quot;Wayward Pines&quot; demostrando su confianza en M. Night Shyamalan y 20th Century Fox nos traer&aacute; CyberStorm, una historia de ciencia ficci&oacute;n sobre un apag&oacute;n cibern&eacute;tico... - Uruloki :: Blog","robots":{"index":"index","follow":"follow","max-snippet":"max-snippet:-1","max-image-preview":"max-image-preview:large","max-video-preview":"max-video-preview:-1"},"canonical":"https:\/\/www.uruloki.org\/felipeblog\/cine-de-ciencia-ficcion\/se-filtra-un-concept-art-de-thor-el-mundo-oscuro-destinado-para-presentarse-en-la-comic-con-2013-primer-vistazo-a-un-musculoso-y-repleto-de-cicatrices-aaron-eckhart-como-i-frankestein-carrie-no-le","og_locale":"es_ES","og_type":"article","og_title":"Se filtra un concept art de Thor: el mundo oscuro destinado para presentarse en la Comic-Con 2013, primer vistazo a un musculoso y repleto de cicatrices Aaron Eckhart como I, Frankestein, Carrie no le tiene miedo a la mala suerte que trae romper un espejo, Kit &quot;Jon Nieve&quot; Harington da la cara en el nuevo cartel de El aprendiz del espectro (Seventh Son), Carla Gugino apuesta por &quot;Wayward Pines&quot; demostrando su confianza en M. Night Shyamalan y 20th Century Fox nos traer&aacute; CyberStorm, una historia de ciencia ficci&oacute;n sobre un apag&oacute;n cibern&eacute;tico... - Uruloki :: Blog","og_description":"Tras la vor&aacute;gine de ayer, menuda cantidad de entradas para un jueves cualquiera, me centro en las noticias de hoy comenzando con un primer detalle de concept art de Thor: el mundo oscuro (Thor: The Dark World, 2013) de Alan Taylor. Ha aparecido, filtrado, en ComicBookMovies.com y es obra de Charlie Wen, otro de los [&hellip;]","og_url":"https:\/\/www.uruloki.org\/felipeblog\/cine-de-ciencia-ficcion\/se-filtra-un-concept-art-de-thor-el-mundo-oscuro-destinado-para-presentarse-en-la-comic-con-2013-primer-vistazo-a-un-musculoso-y-repleto-de-cicatrices-aaron-eckhart-como-i-frankestein-carrie-no-le","og_site_name":"Uruloki :: Blog","article_publisher":"https:\/\/www.facebook.com\/uruloki.org","article_published_time":"2013-07-12T09:44:17+00:00","og_image":[{"url":"https:\/\/uruloki.org\/felipeblog\/images2013-2\/20130712-thorthedarkworld.jpg","type":"","width":"","height":""}],"author":"Uruloki","twitter_card":"summary_large_image","twitter_creator":"@uruloki","twitter_site":"@uruloki","twitter_misc":{"Escrito por":"Uruloki","Tiempo de lectura":"3 minutos"},"schema":{"@context":"https:\/\/schema.org","@graph":[{"@type":"WebPage","@id":"https:\/\/www.uruloki.org\/felipeblog\/cine-de-ciencia-ficcion\/se-filtra-un-concept-art-de-thor-el-mundo-oscuro-destinado-para-presentarse-en-la-comic-con-2013-primer-vistazo-a-un-musculoso-y-repleto-de-cicatrices-aaron-eckhart-como-i-frankestein-carrie-no-le","url":"https:\/\/www.uruloki.org\/felipeblog\/cine-de-ciencia-ficcion\/se-filtra-un-concept-art-de-thor-el-mundo-oscuro-destinado-para-presentarse-en-la-comic-con-2013-primer-vistazo-a-un-musculoso-y-repleto-de-cicatrices-aaron-eckhart-como-i-frankestein-carrie-no-le","name":"Se filtra un concept art de Thor: el mundo oscuro destinado para presentarse en la Comic-Con 2013, primer vistazo a un musculoso y repleto de cicatrices Aaron Eckhart como I, Frankestein, Carrie no le tiene miedo a la mala suerte que trae romper un espejo, Kit &quot;Jon Nieve&quot; Harington da la cara en el nuevo cartel de El aprendiz del espectro (Seventh Son), Carla Gugino apuesta por &quot;Wayward Pines&quot; demostrando su confianza en M. Night Shyamalan y 20th Century Fox nos traer&aacute; CyberStorm, una historia de ciencia ficci&oacute;n sobre un apag&oacute;n cibern&eacute;tico... - Uruloki :: Blog","isPartOf":{"@id":"https:\/\/www.uruloki.org\/felipeblog\/#website"},"primaryImageOfPage":{"@id":"https:\/\/www.uruloki.org\/felipeblog\/cine-de-ciencia-ficcion\/se-filtra-un-concept-art-de-thor-el-mundo-oscuro-destinado-para-presentarse-en-la-comic-con-2013-primer-vistazo-a-un-musculoso-y-repleto-de-cicatrices-aaron-eckhart-como-i-frankestein-carrie-no-le#primaryimage"},"image":{"@id":"https:\/\/www.uruloki.org\/felipeblog\/cine-de-ciencia-ficcion\/se-filtra-un-concept-art-de-thor-el-mundo-oscuro-destinado-para-presentarse-en-la-comic-con-2013-primer-vistazo-a-un-musculoso-y-repleto-de-cicatrices-aaron-eckhart-como-i-frankestein-carrie-no-le#primaryimage"},"thumbnailUrl":"https:\/\/uruloki.org\/felipeblog\/images2013-2\/20130712-thorthedarkworld.jpg","datePublished":"2013-07-12T09:44:17+00:00","dateModified":"2013-07-12T09:44:17+00:00","author":{"@id":"https:\/\/www.uruloki.org\/felipeblog\/#\/schema\/person\/ddba06ddaa27edf0c370460d05c51bb3"},"breadcrumb":{"@id":"https:\/\/www.uruloki.org\/felipeblog\/cine-de-ciencia-ficcion\/se-filtra-un-concept-art-de-thor-el-mundo-oscuro-destinado-para-presentarse-en-la-comic-con-2013-primer-vistazo-a-un-musculoso-y-repleto-de-cicatrices-aaron-eckhart-como-i-frankestein-carrie-no-le#breadcrumb"},"inLanguage":"es","potentialAction":[{"@type":"ReadAction","target":["https:\/\/www.uruloki.org\/felipeblog\/cine-de-ciencia-ficcion\/se-filtra-un-concept-art-de-thor-el-mundo-oscuro-destinado-para-presentarse-en-la-comic-con-2013-primer-vistazo-a-un-musculoso-y-repleto-de-cicatrices-aaron-eckhart-como-i-frankestein-carrie-no-le"]}]},{"@type":"ImageObject","inLanguage":"es","@id":"https:\/\/www.uruloki.org\/felipeblog\/cine-de-ciencia-ficcion\/se-filtra-un-concept-art-de-thor-el-mundo-oscuro-destinado-para-presentarse-en-la-comic-con-2013-primer-vistazo-a-un-musculoso-y-repleto-de-cicatrices-aaron-eckhart-como-i-frankestein-carrie-no-le#primaryimage","url":"https:\/\/uruloki.org\/felipeblog\/images2013-2\/20130712-thorthedarkworld.jpg","contentUrl":"https:\/\/uruloki.org\/felipeblog\/images2013-2\/20130712-thorthedarkworld.jpg"},{"@type":"BreadcrumbList","@id":"https:\/\/www.uruloki.org\/felipeblog\/cine-de-ciencia-ficcion\/se-filtra-un-concept-art-de-thor-el-mundo-oscuro-destinado-para-presentarse-en-la-comic-con-2013-primer-vistazo-a-un-musculoso-y-repleto-de-cicatrices-aaron-eckhart-como-i-frankestein-carrie-no-le#breadcrumb","itemListElement":[{"@type":"ListItem","position":1,"name":"Portada","item":"https:\/\/www.uruloki.org\/felipeblog"},{"@type":"ListItem","position":2,"name":"Se filtra un concept art de Thor: el mundo oscuro destinado para presentarse en la Comic-Con 2013, primer vistazo a un musculoso y repleto de cicatrices Aaron Eckhart como I, Frankestein, Carrie no le tiene miedo a la mala suerte que trae romper un espejo, Kit &quot;Jon Nieve&quot; Harington da la cara en el nuevo cartel de El aprendiz del espectro (Seventh Son), Carla Gugino apuesta por &quot;Wayward Pines&quot; demostrando su confianza en M. Night Shyamalan y 20th Century Fox nos traer&aacute; CyberStorm, una historia de ciencia ficci&oacute;n sobre un apag&oacute;n cibern&eacute;tico&#8230;"}]},{"@type":"WebSite","@id":"https:\/\/www.uruloki.org\/felipeblog\/#website","url":"https:\/\/www.uruloki.org\/felipeblog\/","name":"Uruloki :: Blog","description":"Blog de cine, terror, ciencia ficci\u00f3n, fantas\u00eda y c\u00f3mics","potentialAction":[{"@type":"SearchAction","target":{"@type":"EntryPoint","urlTemplate":"https:\/\/www.uruloki.org\/felipeblog\/?s={search_term_string}"},"query-input":{"@type":"PropertyValueSpecification","valueRequired":true,"valueName":"search_term_string"}}],"inLanguage":"es"},{"@type":"Person","@id":"https:\/\/www.uruloki.org\/felipeblog\/#\/schema\/person\/ddba06ddaa27edf0c370460d05c51bb3","name":"Uruloki","image":{"@type":"ImageObject","inLanguage":"es","@id":"https:\/\/www.uruloki.org\/felipeblog\/#\/schema\/person\/image\/","url":"https:\/\/secure.gravatar.com\/avatar\/68d5301c5f52ba88fd63f02c75b8c4d1b3c3fc4b21e2998a1e98c4b3a54d9f7c?s=96&d=mm&r=g","contentUrl":"https:\/\/secure.gravatar.com\/avatar\/68d5301c5f52ba88fd63f02c75b8c4d1b3c3fc4b21e2998a1e98c4b3a54d9f7c?s=96&d=mm&r=g","caption":"Uruloki"},"sameAs":["https:\/\/uruloki.org"],"url":"https:\/\/www.uruloki.org\/felipeblog\/author\/admin-2-2-2"}]}},"_links":{"self":[{"href":"https:\/\/www.uruloki.org\/felipeblog\/wp-json\/wp\/v2\/posts\/10702","targetHints":{"allow":["GET"]}}],"collection":[{"href":"https:\/\/www.uruloki.org\/felipeblog\/wp-json\/wp\/v2\/posts"}],"about":[{"href":"https:\/\/www.uruloki.org\/felipeblog\/wp-json\/wp\/v2\/types\/post"}],"author":[{"embeddable":true,"href":"https:\/\/www.uruloki.org\/felipeblog\/wp-json\/wp\/v2\/users\/28"}],"replies":[{"embeddable":true,"href":"https:\/\/www.uruloki.org\/felipeblog\/wp-json\/wp\/v2\/comments?post=10702"}],"version-history":[{"count":1,"href":"https:\/\/www.uruloki.org\/felipeblog\/wp-json\/wp\/v2\/posts\/10702\/revisions"}],"predecessor-version":[{"id":10703,"href":"https:\/\/www.uruloki.org\/felipeblog\/wp-json\/wp\/v2\/posts\/10702\/revisions\/10703"}],"wp:attachment":[{"href":"https:\/\/www.uruloki.org\/felipeblog\/wp-json\/wp\/v2\/media?parent=10702"}],"wp:term":[{"taxonomy":"category","embeddable":true,"href":"https:\/\/www.uruloki.org\/felipeblog\/wp-json\/wp\/v2\/categories?post=10702"},{"taxonomy":"post_tag","embeddable":true,"href":"https:\/\/www.uruloki.org\/felipeblog\/wp-json\/wp\/v2\/tags?post=10702"}],"curies":[{"name":"wp","href":"https:\/\/api.w.org\/{rel}","templated":true}]}}