{"id":10369,"date":"2013-05-28T21:35:37","date_gmt":"2013-05-28T19:35:37","guid":{"rendered":"https:\/\/uruloki.org\/felipeblog\/?p=10369"},"modified":"2013-05-28T21:36:38","modified_gmt":"2013-05-28T19:36:38","slug":"guillermo-del-toro-ofrece-nuevos-detalles-sobre-la-concepcin-de-pacific-rim-y-aqu-tenemos-otras-dos-nuevas-imgenes-louis-letterrier-pone-de-verano-a-marvel-studios-y-warner-br","status":"publish","type":"post","link":"https:\/\/www.uruloki.org\/felipeblog\/cine-de-ciencia-ficcion\/guillermo-del-toro-ofrece-nuevos-detalles-sobre-la-concepcin-de-pacific-rim-y-aqu-tenemos-otras-dos-nuevas-imgenes-louis-letterrier-pone-de-verano-a-marvel-studios-y-warner-br","title":{"rendered":"Guillermo del Toro ofrece nuevos detalles sobre la concepci&oacute;n de Pacific Rim y aqu&iacute; tenemos otras dos nuevas im&aacute;genes, Louis Letterrier pone de verano a Marvel Studios y Warner Bros. por El incre&iacute;ble Hulk y Furia de Titanes, Joss Whedon confirma que ser&aacute; El VILLANO lo que plantar&aacute; cara a los superh&eacute;roes en The Avengers 2 y un graffitero cartel de Kick-Ass 2: Balls to the Wall aporta color a esta entrada&#8230;"},"content":{"rendered":"<p>Tras <a href=\"https:\/\/uruloki.org\/felipeblog\/cine-de-ciencia-ficcin\/kaiju-attack-un-nuevo-spot-de-pacific-rim-y-un-virtuoso-vistazo-al-diseo-de-tres-de-las-criaturas-invasoras\">un nuevo spot y esos tres potentes detalles de <em>concept art<\/em> de Pacific Rim<\/a>, ahora tenemos a <a href=\"http:\/\/www.empireonline.com\/news\/story.asp?NID=37649\" target=\"_blank\">Empire publicando m&aacute;s detalles sobre el film de Guillermo del Toro<\/a> acompa&ntilde;ados estos por, aqu&iacute; abajo las ten&eacute;is, dos nuevas im&aacute;genes del film. El art&iacute;culo  en <strong>Empire<\/strong> es adem&aacute;s una  confesi&oacute;n completa del director mexicano  sobre su amor y devoci&oacute;n hacia las criaturas de las pel&iacute;culas de monstruos. <strong>Del Toro<\/strong> comenta que su adoraci&oacute;n por las criaturas monstruosas surgi&oacute; de muy peque&ntilde;o. No recuerda el momento exacto, pero con 4 o 5 a&ntilde;os ya preguntaba a su madre si pod&iacute;a dormir dentro de un ata&uacute;d por las noches y luego acababa metido en un caj&oacute;n o dentro de una caja de mu&ntilde;ecos. Hay incluso una grabaci&oacute;n realizada por su padres cuando ten&iacute;as 3 o 4 a&ntilde;os en la que para Navidad pide una ra&iacute;z de mandr&aacute;gora para poder usarla en rituales m&aacute;gicos. Desde luego un tipo muy especial desde muy peque&ntilde;o. Luego comenta m&aacute;s detalles sobre <strong>Pacific Rim<\/strong> (2013) como que quiso que las peleas tuvieran, de forma independiente, esa estructura que disfrut&oacute; de ni&ntilde;o en la lucha libre. Por ello cada enfrentamiento entre <em>jaeger<\/em>s y <em>kaijus<\/em> evoca una est&eacute;tica y una din&aacute;mica propia y deferente de las otras. La primera lucha es muy oper&iacute;stica y teatrera&#8230; casi <em>wagneriana<\/em>. Tiene lugar en medio de un mar repleto de icebergs, con una bestial tormenta azuzando y con grandes olas golpeando  al <em>kaiju<\/em> y al <em>jaeger<\/em> que se est&aacute;n zurrando. El mar es un personaje m&aacute;s de la secuencia y de la pel&iacute;cula en si, trasmite la misma vida que la obra de <strong>Katsushika Hokusaiu<\/strong> en su gran ola. <strong>Del Toro<\/strong> ha enfatizado su presencia para que aporte m&aacute;s dramatismo a las peleas que tiene lugar en ese medio. La pelea trata de tomar <a href=\"http:\/\/es.wikipedia.org\/wiki\/El_coloso\" target=\"_blank\">la majestuosidad plasmada por Goya en su obra &quot;El coloso&quot;<\/a>.<\/p>\n<p class=\"centrado\"><img loading=\"lazy\" decoding=\"async\" src=\"https:\/\/uruloki.org\/felipeblog\/images2013-1\/20130528-pacificrim-img1.jpg\" alt=\"Una nueva imagen de Pacific Rim\" width=\"625\" height=\"352\" \/><\/p>\n<p class=\"centrado\"><img loading=\"lazy\" decoding=\"async\" src=\"https:\/\/uruloki.org\/felipeblog\/images2013-1\/20130528-pacificrim-img2.jpg\" alt=\"Una nueva imagen de Pacific Rim\" width=\"625\" height=\"352\" \/><\/p>\n<p>Igualmente interesante, incluso m&aacute;s, es <a href=\"http:\/\/www.huffingtonpost.com\/2013\/05\/28\/louis-leterrier-now-you-see-me_n_3333311.html?utm_hp_ref=entertainment\" target=\"_blank\">la parrafada que echa el bueno de Louis Leterrier a la gente de The Huffington Post<\/a> sobre su experiencia en el rodaje de la floja <strong>Furia de Titanes<\/strong> (<em>Clash of the Titans<\/em>, 2010) y la potente <strong>El incre&iacute;ble Hulk<\/strong> (<em>The Incredible Hulk<\/em>, 2008). Sobre <strong>Hulk<\/strong> raja indicando que su debut en <strong>Hollywood<\/strong> fue de lo m&aacute;s aparatoso que uno se puede imaginar. Mucha de la ilusi&oacute;n que ten&iacute;a cuando <strong>Marvel Studios<\/strong> le propuso rodar <strong>El incre&iacute;ble Hulk<\/strong> se transform&oacute; en decepci&oacute;n cuando a un a&ntilde;o del estreno del film la compa&ntilde;&iacute;a le indic&oacute; que no ten&iacute;an gui&oacute;n. En estos casos, y debido al estr&eacute;s que se produce por no tener qu&eacute; rodar, los directores acaban sacando provecho de complejos efectos visuales para tratar de tapar los agujeros que hay en la historia. Adem&aacute;s de eso reconoce que la primera media hora de film es suyo, sus ideas, pero que el resto es producto y deseo <strong>Marvel<\/strong>, una guerra sin cuartel entre <strong>Emil Blonsky<\/strong> a.k.a. <strong>Abominaci&oacute;n<\/strong> y <strong>Hulk<\/strong>. Pero lo peor se lo lleva <strong>Warner Bros.<\/strong> y su imposici&oacute;n para que <strong>Furia de Titanes<\/strong> fuera transformada en 3D. <strong>Leterrier<\/strong> lo tiene claro&#8230; esa no es su pel&iacute;cula, el 3D era nefasto y considera que fue una patra&ntilde;a para poder robar a la audiencia. Dado que <strong>Furia de Titanes<\/strong> no fue su pel&iacute;cula, su implicaci&oacute;n con <strong>Ira de Titanes<\/strong> (<em>Wrath of the Titans<\/em>, 2012) termin&oacute; en el mismo momento que se lo propusieron. Ni director, que tuvo la oferta sobre la mesa, ni productor \/ productor ejecutivo, que hubiera sido lo normal dada la tendencia en <strong>Hollywood<\/strong> con secuelas y tal. Interesantes, y duras, declaraciones. Y hablando brevemente de superh&eacute;roes, <a href=\"http:\/\/www.empireonline.com\/news\/story.asp?NID=37650\" target=\"_blank\">Joss Whedon descubre a Empire que el villano de The Avengers 2 (2015) ser&aacute; de g&eacute;nero masculino<\/a> y actuar&aacute; en solitario como mente pensante. <strong>Whedon<\/strong> indica claramente que est&aacute; muy excitado con el villano seleccionado y tiene mucho que contar sobre el.<\/p>\n<p class=\"centrado\"><img loading=\"lazy\" decoding=\"async\" src=\"https:\/\/uruloki.org\/felipeblog\/images2013-1\/20130528-kickass2.jpg\" alt=\"Un graffitero banner de Kick-Ass 2: Ball to the Wall\" width=\"625\" height=\"185\" border=\"0\" \/><br \/><em>Un graffitero banner de Kick-Ass 2: Ball to the Wall <a href=\"http:\/\/www.superherohype.com\/news\/articles\/177163-new-graffiti-inspired-banner-for-kick-ass-2\" target=\"_blank\">v&iacute;a Superhero Hype!<\/a><\/em><\/p>\n","protected":false},"excerpt":{"rendered":"<p>Tras un nuevo spot y esos tres potentes detalles de concept art de Pacific Rim, ahora tenemos a Empire publicando m&aacute;s detalles sobre el film de Guillermo del Toro acompa&ntilde;ados estos por, aqu&iacute; abajo las ten&eacute;is, dos nuevas im&aacute;genes del film. El art&iacute;culo en Empire es adem&aacute;s una confesi&oacute;n completa del director mexicano sobre su [&hellip;]<\/p>\n","protected":false},"author":28,"featured_media":0,"comment_status":"open","ping_status":"open","sticky":false,"template":"","format":"standard","meta":{"footnotes":""},"categories":[10,8,26],"tags":[1318,1352,1896],"class_list":["post-10369","post","type-post","status-publish","format-standard","hentry","category-cine-de-comics","category-cine-de-ciencia-ficcion","category-gdt","tag-kick-ass-2-balls-to-the-wall","tag-pacific-rim","tag-the-avengers-2"],"yoast_head":"<!-- This site is optimized with the Yoast SEO plugin v24.3 - https:\/\/yoast.com\/wordpress\/plugins\/seo\/ -->\n<title>Guillermo del Toro ofrece nuevos detalles sobre la concepci&oacute;n de Pacific Rim y aqu&iacute; tenemos otras dos nuevas im&aacute;genes, Louis Letterrier pone de verano a Marvel Studios y Warner Bros. por El incre&iacute;ble Hulk y Furia de Titanes, Joss Whedon confirma que ser&aacute; El VILLANO lo que plantar&aacute; cara a los superh&eacute;roes en The Avengers 2 y un graffitero cartel de Kick-Ass 2: Balls to the Wall aporta color a esta entrada... - Uruloki :: Blog<\/title>\n<meta name=\"robots\" content=\"index, follow, max-snippet:-1, max-image-preview:large, max-video-preview:-1\" \/>\n<link rel=\"canonical\" href=\"https:\/\/www.uruloki.org\/felipeblog\/cine-de-ciencia-ficcion\/guillermo-del-toro-ofrece-nuevos-detalles-sobre-la-concepcin-de-pacific-rim-y-aqu-tenemos-otras-dos-nuevas-imgenes-louis-letterrier-pone-de-verano-a-marvel-studios-y-warner-br\" \/>\n<meta property=\"og:locale\" content=\"es_ES\" \/>\n<meta property=\"og:type\" content=\"article\" \/>\n<meta property=\"og:title\" content=\"Guillermo del Toro ofrece nuevos detalles sobre la concepci&oacute;n de Pacific Rim y aqu&iacute; tenemos otras dos nuevas im&aacute;genes, Louis Letterrier pone de verano a Marvel Studios y Warner Bros. por El incre&iacute;ble Hulk y Furia de Titanes, Joss Whedon confirma que ser&aacute; El VILLANO lo que plantar&aacute; cara a los superh&eacute;roes en The Avengers 2 y un graffitero cartel de Kick-Ass 2: Balls to the Wall aporta color a esta entrada... - Uruloki :: Blog\" \/>\n<meta property=\"og:description\" content=\"Tras un nuevo spot y esos tres potentes detalles de concept art de Pacific Rim, ahora tenemos a Empire publicando m&aacute;s detalles sobre el film de Guillermo del Toro acompa&ntilde;ados estos por, aqu&iacute; abajo las ten&eacute;is, dos nuevas im&aacute;genes del film. El art&iacute;culo en Empire es adem&aacute;s una confesi&oacute;n completa del director mexicano sobre su [&hellip;]\" \/>\n<meta property=\"og:url\" content=\"https:\/\/www.uruloki.org\/felipeblog\/cine-de-ciencia-ficcion\/guillermo-del-toro-ofrece-nuevos-detalles-sobre-la-concepcin-de-pacific-rim-y-aqu-tenemos-otras-dos-nuevas-imgenes-louis-letterrier-pone-de-verano-a-marvel-studios-y-warner-br\" \/>\n<meta property=\"og:site_name\" content=\"Uruloki :: Blog\" \/>\n<meta property=\"article:publisher\" content=\"https:\/\/www.facebook.com\/uruloki.org\" \/>\n<meta property=\"article:published_time\" content=\"2013-05-28T19:35:37+00:00\" \/>\n<meta property=\"article:modified_time\" content=\"2013-05-28T19:36:38+00:00\" \/>\n<meta property=\"og:image\" content=\"https:\/\/uruloki.org\/felipeblog\/images2013-1\/20130528-pacificrim-img1.jpg\" \/>\n<meta name=\"author\" content=\"Uruloki\" \/>\n<meta name=\"twitter:card\" content=\"summary_large_image\" \/>\n<meta name=\"twitter:creator\" content=\"@uruloki\" \/>\n<meta name=\"twitter:site\" content=\"@uruloki\" \/>\n<meta name=\"twitter:label1\" content=\"Escrito por\" \/>\n\t<meta name=\"twitter:data1\" content=\"Uruloki\" \/>\n\t<meta name=\"twitter:label2\" content=\"Tiempo de lectura\" \/>\n\t<meta name=\"twitter:data2\" content=\"4 minutos\" \/>\n<script type=\"application\/ld+json\" class=\"yoast-schema-graph\">{\"@context\":\"https:\/\/schema.org\",\"@graph\":[{\"@type\":\"WebPage\",\"@id\":\"https:\/\/www.uruloki.org\/felipeblog\/cine-de-ciencia-ficcion\/guillermo-del-toro-ofrece-nuevos-detalles-sobre-la-concepcin-de-pacific-rim-y-aqu-tenemos-otras-dos-nuevas-imgenes-louis-letterrier-pone-de-verano-a-marvel-studios-y-warner-br\",\"url\":\"https:\/\/www.uruloki.org\/felipeblog\/cine-de-ciencia-ficcion\/guillermo-del-toro-ofrece-nuevos-detalles-sobre-la-concepcin-de-pacific-rim-y-aqu-tenemos-otras-dos-nuevas-imgenes-louis-letterrier-pone-de-verano-a-marvel-studios-y-warner-br\",\"name\":\"Guillermo del Toro ofrece nuevos detalles sobre la concepci&oacute;n de Pacific Rim y aqu&iacute; tenemos otras dos nuevas im&aacute;genes, Louis Letterrier pone de verano a Marvel Studios y Warner Bros. por El incre&iacute;ble Hulk y Furia de Titanes, Joss Whedon confirma que ser&aacute; El VILLANO lo que plantar&aacute; cara a los superh&eacute;roes en The Avengers 2 y un graffitero cartel de Kick-Ass 2: Balls to the Wall aporta color a esta entrada... - Uruloki :: Blog\",\"isPartOf\":{\"@id\":\"https:\/\/www.uruloki.org\/felipeblog\/#website\"},\"primaryImageOfPage\":{\"@id\":\"https:\/\/www.uruloki.org\/felipeblog\/cine-de-ciencia-ficcion\/guillermo-del-toro-ofrece-nuevos-detalles-sobre-la-concepcin-de-pacific-rim-y-aqu-tenemos-otras-dos-nuevas-imgenes-louis-letterrier-pone-de-verano-a-marvel-studios-y-warner-br#primaryimage\"},\"image\":{\"@id\":\"https:\/\/www.uruloki.org\/felipeblog\/cine-de-ciencia-ficcion\/guillermo-del-toro-ofrece-nuevos-detalles-sobre-la-concepcin-de-pacific-rim-y-aqu-tenemos-otras-dos-nuevas-imgenes-louis-letterrier-pone-de-verano-a-marvel-studios-y-warner-br#primaryimage\"},\"thumbnailUrl\":\"https:\/\/uruloki.org\/felipeblog\/images2013-1\/20130528-pacificrim-img1.jpg\",\"datePublished\":\"2013-05-28T19:35:37+00:00\",\"dateModified\":\"2013-05-28T19:36:38+00:00\",\"author\":{\"@id\":\"https:\/\/www.uruloki.org\/felipeblog\/#\/schema\/person\/ddba06ddaa27edf0c370460d05c51bb3\"},\"breadcrumb\":{\"@id\":\"https:\/\/www.uruloki.org\/felipeblog\/cine-de-ciencia-ficcion\/guillermo-del-toro-ofrece-nuevos-detalles-sobre-la-concepcin-de-pacific-rim-y-aqu-tenemos-otras-dos-nuevas-imgenes-louis-letterrier-pone-de-verano-a-marvel-studios-y-warner-br#breadcrumb\"},\"inLanguage\":\"es\",\"potentialAction\":[{\"@type\":\"ReadAction\",\"target\":[\"https:\/\/www.uruloki.org\/felipeblog\/cine-de-ciencia-ficcion\/guillermo-del-toro-ofrece-nuevos-detalles-sobre-la-concepcin-de-pacific-rim-y-aqu-tenemos-otras-dos-nuevas-imgenes-louis-letterrier-pone-de-verano-a-marvel-studios-y-warner-br\"]}]},{\"@type\":\"ImageObject\",\"inLanguage\":\"es\",\"@id\":\"https:\/\/www.uruloki.org\/felipeblog\/cine-de-ciencia-ficcion\/guillermo-del-toro-ofrece-nuevos-detalles-sobre-la-concepcin-de-pacific-rim-y-aqu-tenemos-otras-dos-nuevas-imgenes-louis-letterrier-pone-de-verano-a-marvel-studios-y-warner-br#primaryimage\",\"url\":\"https:\/\/uruloki.org\/felipeblog\/images2013-1\/20130528-pacificrim-img1.jpg\",\"contentUrl\":\"https:\/\/uruloki.org\/felipeblog\/images2013-1\/20130528-pacificrim-img1.jpg\"},{\"@type\":\"BreadcrumbList\",\"@id\":\"https:\/\/www.uruloki.org\/felipeblog\/cine-de-ciencia-ficcion\/guillermo-del-toro-ofrece-nuevos-detalles-sobre-la-concepcin-de-pacific-rim-y-aqu-tenemos-otras-dos-nuevas-imgenes-louis-letterrier-pone-de-verano-a-marvel-studios-y-warner-br#breadcrumb\",\"itemListElement\":[{\"@type\":\"ListItem\",\"position\":1,\"name\":\"Portada\",\"item\":\"https:\/\/www.uruloki.org\/felipeblog\"},{\"@type\":\"ListItem\",\"position\":2,\"name\":\"Guillermo del Toro ofrece nuevos detalles sobre la concepci&oacute;n de Pacific Rim y aqu&iacute; tenemos otras dos nuevas im&aacute;genes, Louis Letterrier pone de verano a Marvel Studios y Warner Bros. por El incre&iacute;ble Hulk y Furia de Titanes, Joss Whedon confirma que ser&aacute; El VILLANO lo que plantar&aacute; cara a los superh&eacute;roes en The Avengers 2 y un graffitero cartel de Kick-Ass 2: Balls to the Wall aporta color a esta entrada&#8230;\"}]},{\"@type\":\"WebSite\",\"@id\":\"https:\/\/www.uruloki.org\/felipeblog\/#website\",\"url\":\"https:\/\/www.uruloki.org\/felipeblog\/\",\"name\":\"Uruloki :: Blog\",\"description\":\"Blog de cine, terror, ciencia ficci\u00f3n, fantas\u00eda y c\u00f3mics\",\"potentialAction\":[{\"@type\":\"SearchAction\",\"target\":{\"@type\":\"EntryPoint\",\"urlTemplate\":\"https:\/\/www.uruloki.org\/felipeblog\/?s={search_term_string}\"},\"query-input\":{\"@type\":\"PropertyValueSpecification\",\"valueRequired\":true,\"valueName\":\"search_term_string\"}}],\"inLanguage\":\"es\"},{\"@type\":\"Person\",\"@id\":\"https:\/\/www.uruloki.org\/felipeblog\/#\/schema\/person\/ddba06ddaa27edf0c370460d05c51bb3\",\"name\":\"Uruloki\",\"image\":{\"@type\":\"ImageObject\",\"inLanguage\":\"es\",\"@id\":\"https:\/\/www.uruloki.org\/felipeblog\/#\/schema\/person\/image\/\",\"url\":\"https:\/\/secure.gravatar.com\/avatar\/68d5301c5f52ba88fd63f02c75b8c4d1b3c3fc4b21e2998a1e98c4b3a54d9f7c?s=96&d=mm&r=g\",\"contentUrl\":\"https:\/\/secure.gravatar.com\/avatar\/68d5301c5f52ba88fd63f02c75b8c4d1b3c3fc4b21e2998a1e98c4b3a54d9f7c?s=96&d=mm&r=g\",\"caption\":\"Uruloki\"},\"sameAs\":[\"https:\/\/uruloki.org\"],\"url\":\"https:\/\/www.uruloki.org\/felipeblog\/author\/admin-2-2-2\"}]}<\/script>\n<!-- \/ Yoast SEO plugin. -->","yoast_head_json":{"title":"Guillermo del Toro ofrece nuevos detalles sobre la concepci&oacute;n de Pacific Rim y aqu&iacute; tenemos otras dos nuevas im&aacute;genes, Louis Letterrier pone de verano a Marvel Studios y Warner Bros. por El incre&iacute;ble Hulk y Furia de Titanes, Joss Whedon confirma que ser&aacute; El VILLANO lo que plantar&aacute; cara a los superh&eacute;roes en The Avengers 2 y un graffitero cartel de Kick-Ass 2: Balls to the Wall aporta color a esta entrada... - Uruloki :: Blog","robots":{"index":"index","follow":"follow","max-snippet":"max-snippet:-1","max-image-preview":"max-image-preview:large","max-video-preview":"max-video-preview:-1"},"canonical":"https:\/\/www.uruloki.org\/felipeblog\/cine-de-ciencia-ficcion\/guillermo-del-toro-ofrece-nuevos-detalles-sobre-la-concepcin-de-pacific-rim-y-aqu-tenemos-otras-dos-nuevas-imgenes-louis-letterrier-pone-de-verano-a-marvel-studios-y-warner-br","og_locale":"es_ES","og_type":"article","og_title":"Guillermo del Toro ofrece nuevos detalles sobre la concepci&oacute;n de Pacific Rim y aqu&iacute; tenemos otras dos nuevas im&aacute;genes, Louis Letterrier pone de verano a Marvel Studios y Warner Bros. por El incre&iacute;ble Hulk y Furia de Titanes, Joss Whedon confirma que ser&aacute; El VILLANO lo que plantar&aacute; cara a los superh&eacute;roes en The Avengers 2 y un graffitero cartel de Kick-Ass 2: Balls to the Wall aporta color a esta entrada... - Uruloki :: Blog","og_description":"Tras un nuevo spot y esos tres potentes detalles de concept art de Pacific Rim, ahora tenemos a Empire publicando m&aacute;s detalles sobre el film de Guillermo del Toro acompa&ntilde;ados estos por, aqu&iacute; abajo las ten&eacute;is, dos nuevas im&aacute;genes del film. El art&iacute;culo en Empire es adem&aacute;s una confesi&oacute;n completa del director mexicano sobre su [&hellip;]","og_url":"https:\/\/www.uruloki.org\/felipeblog\/cine-de-ciencia-ficcion\/guillermo-del-toro-ofrece-nuevos-detalles-sobre-la-concepcin-de-pacific-rim-y-aqu-tenemos-otras-dos-nuevas-imgenes-louis-letterrier-pone-de-verano-a-marvel-studios-y-warner-br","og_site_name":"Uruloki :: Blog","article_publisher":"https:\/\/www.facebook.com\/uruloki.org","article_published_time":"2013-05-28T19:35:37+00:00","article_modified_time":"2013-05-28T19:36:38+00:00","og_image":[{"url":"https:\/\/uruloki.org\/felipeblog\/images2013-1\/20130528-pacificrim-img1.jpg","type":"","width":"","height":""}],"author":"Uruloki","twitter_card":"summary_large_image","twitter_creator":"@uruloki","twitter_site":"@uruloki","twitter_misc":{"Escrito por":"Uruloki","Tiempo de lectura":"4 minutos"},"schema":{"@context":"https:\/\/schema.org","@graph":[{"@type":"WebPage","@id":"https:\/\/www.uruloki.org\/felipeblog\/cine-de-ciencia-ficcion\/guillermo-del-toro-ofrece-nuevos-detalles-sobre-la-concepcin-de-pacific-rim-y-aqu-tenemos-otras-dos-nuevas-imgenes-louis-letterrier-pone-de-verano-a-marvel-studios-y-warner-br","url":"https:\/\/www.uruloki.org\/felipeblog\/cine-de-ciencia-ficcion\/guillermo-del-toro-ofrece-nuevos-detalles-sobre-la-concepcin-de-pacific-rim-y-aqu-tenemos-otras-dos-nuevas-imgenes-louis-letterrier-pone-de-verano-a-marvel-studios-y-warner-br","name":"Guillermo del Toro ofrece nuevos detalles sobre la concepci&oacute;n de Pacific Rim y aqu&iacute; tenemos otras dos nuevas im&aacute;genes, Louis Letterrier pone de verano a Marvel Studios y Warner Bros. por El incre&iacute;ble Hulk y Furia de Titanes, Joss Whedon confirma que ser&aacute; El VILLANO lo que plantar&aacute; cara a los superh&eacute;roes en The Avengers 2 y un graffitero cartel de Kick-Ass 2: Balls to the Wall aporta color a esta entrada... - Uruloki :: Blog","isPartOf":{"@id":"https:\/\/www.uruloki.org\/felipeblog\/#website"},"primaryImageOfPage":{"@id":"https:\/\/www.uruloki.org\/felipeblog\/cine-de-ciencia-ficcion\/guillermo-del-toro-ofrece-nuevos-detalles-sobre-la-concepcin-de-pacific-rim-y-aqu-tenemos-otras-dos-nuevas-imgenes-louis-letterrier-pone-de-verano-a-marvel-studios-y-warner-br#primaryimage"},"image":{"@id":"https:\/\/www.uruloki.org\/felipeblog\/cine-de-ciencia-ficcion\/guillermo-del-toro-ofrece-nuevos-detalles-sobre-la-concepcin-de-pacific-rim-y-aqu-tenemos-otras-dos-nuevas-imgenes-louis-letterrier-pone-de-verano-a-marvel-studios-y-warner-br#primaryimage"},"thumbnailUrl":"https:\/\/uruloki.org\/felipeblog\/images2013-1\/20130528-pacificrim-img1.jpg","datePublished":"2013-05-28T19:35:37+00:00","dateModified":"2013-05-28T19:36:38+00:00","author":{"@id":"https:\/\/www.uruloki.org\/felipeblog\/#\/schema\/person\/ddba06ddaa27edf0c370460d05c51bb3"},"breadcrumb":{"@id":"https:\/\/www.uruloki.org\/felipeblog\/cine-de-ciencia-ficcion\/guillermo-del-toro-ofrece-nuevos-detalles-sobre-la-concepcin-de-pacific-rim-y-aqu-tenemos-otras-dos-nuevas-imgenes-louis-letterrier-pone-de-verano-a-marvel-studios-y-warner-br#breadcrumb"},"inLanguage":"es","potentialAction":[{"@type":"ReadAction","target":["https:\/\/www.uruloki.org\/felipeblog\/cine-de-ciencia-ficcion\/guillermo-del-toro-ofrece-nuevos-detalles-sobre-la-concepcin-de-pacific-rim-y-aqu-tenemos-otras-dos-nuevas-imgenes-louis-letterrier-pone-de-verano-a-marvel-studios-y-warner-br"]}]},{"@type":"ImageObject","inLanguage":"es","@id":"https:\/\/www.uruloki.org\/felipeblog\/cine-de-ciencia-ficcion\/guillermo-del-toro-ofrece-nuevos-detalles-sobre-la-concepcin-de-pacific-rim-y-aqu-tenemos-otras-dos-nuevas-imgenes-louis-letterrier-pone-de-verano-a-marvel-studios-y-warner-br#primaryimage","url":"https:\/\/uruloki.org\/felipeblog\/images2013-1\/20130528-pacificrim-img1.jpg","contentUrl":"https:\/\/uruloki.org\/felipeblog\/images2013-1\/20130528-pacificrim-img1.jpg"},{"@type":"BreadcrumbList","@id":"https:\/\/www.uruloki.org\/felipeblog\/cine-de-ciencia-ficcion\/guillermo-del-toro-ofrece-nuevos-detalles-sobre-la-concepcin-de-pacific-rim-y-aqu-tenemos-otras-dos-nuevas-imgenes-louis-letterrier-pone-de-verano-a-marvel-studios-y-warner-br#breadcrumb","itemListElement":[{"@type":"ListItem","position":1,"name":"Portada","item":"https:\/\/www.uruloki.org\/felipeblog"},{"@type":"ListItem","position":2,"name":"Guillermo del Toro ofrece nuevos detalles sobre la concepci&oacute;n de Pacific Rim y aqu&iacute; tenemos otras dos nuevas im&aacute;genes, Louis Letterrier pone de verano a Marvel Studios y Warner Bros. por El incre&iacute;ble Hulk y Furia de Titanes, Joss Whedon confirma que ser&aacute; El VILLANO lo que plantar&aacute; cara a los superh&eacute;roes en The Avengers 2 y un graffitero cartel de Kick-Ass 2: Balls to the Wall aporta color a esta entrada&#8230;"}]},{"@type":"WebSite","@id":"https:\/\/www.uruloki.org\/felipeblog\/#website","url":"https:\/\/www.uruloki.org\/felipeblog\/","name":"Uruloki :: Blog","description":"Blog de cine, terror, ciencia ficci\u00f3n, fantas\u00eda y c\u00f3mics","potentialAction":[{"@type":"SearchAction","target":{"@type":"EntryPoint","urlTemplate":"https:\/\/www.uruloki.org\/felipeblog\/?s={search_term_string}"},"query-input":{"@type":"PropertyValueSpecification","valueRequired":true,"valueName":"search_term_string"}}],"inLanguage":"es"},{"@type":"Person","@id":"https:\/\/www.uruloki.org\/felipeblog\/#\/schema\/person\/ddba06ddaa27edf0c370460d05c51bb3","name":"Uruloki","image":{"@type":"ImageObject","inLanguage":"es","@id":"https:\/\/www.uruloki.org\/felipeblog\/#\/schema\/person\/image\/","url":"https:\/\/secure.gravatar.com\/avatar\/68d5301c5f52ba88fd63f02c75b8c4d1b3c3fc4b21e2998a1e98c4b3a54d9f7c?s=96&d=mm&r=g","contentUrl":"https:\/\/secure.gravatar.com\/avatar\/68d5301c5f52ba88fd63f02c75b8c4d1b3c3fc4b21e2998a1e98c4b3a54d9f7c?s=96&d=mm&r=g","caption":"Uruloki"},"sameAs":["https:\/\/uruloki.org"],"url":"https:\/\/www.uruloki.org\/felipeblog\/author\/admin-2-2-2"}]}},"_links":{"self":[{"href":"https:\/\/www.uruloki.org\/felipeblog\/wp-json\/wp\/v2\/posts\/10369","targetHints":{"allow":["GET"]}}],"collection":[{"href":"https:\/\/www.uruloki.org\/felipeblog\/wp-json\/wp\/v2\/posts"}],"about":[{"href":"https:\/\/www.uruloki.org\/felipeblog\/wp-json\/wp\/v2\/types\/post"}],"author":[{"embeddable":true,"href":"https:\/\/www.uruloki.org\/felipeblog\/wp-json\/wp\/v2\/users\/28"}],"replies":[{"embeddable":true,"href":"https:\/\/www.uruloki.org\/felipeblog\/wp-json\/wp\/v2\/comments?post=10369"}],"version-history":[{"count":2,"href":"https:\/\/www.uruloki.org\/felipeblog\/wp-json\/wp\/v2\/posts\/10369\/revisions"}],"predecessor-version":[{"id":10371,"href":"https:\/\/www.uruloki.org\/felipeblog\/wp-json\/wp\/v2\/posts\/10369\/revisions\/10371"}],"wp:attachment":[{"href":"https:\/\/www.uruloki.org\/felipeblog\/wp-json\/wp\/v2\/media?parent=10369"}],"wp:term":[{"taxonomy":"category","embeddable":true,"href":"https:\/\/www.uruloki.org\/felipeblog\/wp-json\/wp\/v2\/categories?post=10369"},{"taxonomy":"post_tag","embeddable":true,"href":"https:\/\/www.uruloki.org\/felipeblog\/wp-json\/wp\/v2\/tags?post=10369"}],"curies":[{"name":"wp","href":"https:\/\/api.w.org\/{rel}","templated":true}]}}