{"id":10339,"date":"2013-05-23T23:44:40","date_gmt":"2013-05-23T21:44:40","guid":{"rendered":"https:\/\/uruloki.org\/felipeblog\/?p=10339"},"modified":"2013-05-24T18:34:41","modified_gmt":"2013-05-24T16:34:41","slug":"un-nuevo-banner-de-pacific-rim-no-nos-calma-el-hecho-de-que-se-retrase-el-estreno-del-film-un-mes-en-espaa-el-reparto-de-the-strain-de-guillermo-del-toro-crece-con-dos-nuevos-cono","status":"publish","type":"post","link":"https:\/\/www.uruloki.org\/felipeblog\/cine-de-ciencia-ficcion\/un-nuevo-banner-de-pacific-rim-no-nos-calma-el-hecho-de-que-se-retrase-el-estreno-del-film-un-mes-en-espaa-el-reparto-de-the-strain-de-guillermo-del-toro-crece-con-dos-nuevos-cono","title":{"rendered":"Un nuevo banner de Pacific Rim no nos calma del hecho de que se retrase el estreno del film un mes en Espa&ntilde;a, el reparto de &quot;The Strain&quot; de Guillermo del Toro crece con dos nuevos conocidos rostros, Bryan Singer anuncia que Mercurio estar&aacute; en X-Men: Days of Future Past y &iquest;qu&eacute; pasa ahora con The Avengers 2?, atenci&oacute;n al nuevo cartel de Expediente Warren: the conjuring, habemus remake \/ reboot de Timecop y David Slade se har&aacute; cargo del piloto de &quot;Helix&quot; de Ronald D. Moore&#8230;"},"content":{"rendered":"<p>Bueno, con mejor cara que ayer, no hay nada como hablar con un especialista para quitar el medio del cuerpo, y regreso con &aacute;nimo al blog con idea de recuperar  las noticias del d&iacute;a tras dejaros con <a href=\"https:\/\/uruloki.org\/felipeblog\/cine-de-terror\/un-nuevo-trailer-de-maniac-nos-acerca-ms-a-la-locura-serial-killer-de-elijah-wood\">ese impactante nuevo trailer de Maniac<\/a> y los <a href=\"https:\/\/uruloki.org\/felipeblog\/cine-de-terror\/tres-nuevos-clips-de-guerra-mundial-z-acompaan-al-pster-ms-poco-innovador-que-se-haya-podido-ver\">tres nuevos clips m&aacute;s p&oacute;ster de Guerra Mundial Z<\/a>. Antes de nada una noticia francamente lamentable. Resulta que <strong>Warner Bros.<\/strong> ha decidido retrasar el estreno de <strong>Pacific Rim<\/strong> (2013) de <strong>Guillermo del Toro<\/strong> del 12 de julio previsto, era estreno mundial, a un 9 de agosto un poco m&aacute;s lejano. <a href=\"http:\/\/www.aullidos.com\/leer_noticias.asp?id_noticia=18604\" target=\"_blank\">Aullidos.com nos lo cuenta y por lo tanto va a misa<\/a>. Conclusi&oacute;n&#8230; mierda. Solo puedo decir eso, mierda y m&aacute;s mierda. Me cuesta comprender estas decisiones, que las habr&aacute;, pero al final los conflictos y las guerras de estrenos acaban chocando unos con otros. Lo &uacute;nico que ha hecho <strong>Warner<\/strong> es separar <strong>Pacific Rim<\/strong> del estreno de <strong>Star Trek: en la oscuridad<\/strong> (<em>Star Trek Into Darkness<\/em>, 2013), que llega con retraso  tambi&eacute;n a Espa&ntilde;a pero ocupando un hueco que no le correspond&iacute;a, el 5 de julio. Una semana despu&eacute;s se iba a estrenar el esperado film de <strong>Del Toro<\/strong> pero ahora se cae al 9 de agosto, una semana despu&eacute;s de <strong>Guerra Mundial Z<\/strong> (<em>World War Z<\/em>, 2013) y <strong>RED 2<\/strong> (2013), justo cuando la pel&iacute;cula de <strong>Brad Pitt<\/strong> comienza a cosechar reacciones francamente positivas. En fin&#8230; pues eso.<\/p>\n<p class=\"centrado\"><a href=\"https:\/\/uruloki.org\/felipeblog\/images2013-1\/20130523-pacificrim-xl.jpg\" target=\"_blank\" onclick=\"return false;\" rel=\"shadowbox\"><img loading=\"lazy\" decoding=\"async\" src=\"https:\/\/uruloki.org\/felipeblog\/images2013-1\/20130523-pacificrim.jpg\" alt=\"Un nuevo banner de Pacific Rim\" width=\"625\" height=\"287\" border=\"0\" \/><\/a><br \/><em>Un nuevo banner de Pacific Rim<\/em><\/p>\n<p>Y hablando de cosas que toca <strong>Guillermo del Toro<\/strong>, <a href=\"http:\/\/www.hollywoodreporter.com\/live-feed\/guillermo-del-toros-fx-pilot-526231\" target=\"_blank\">Heat VIsion a&ntilde;ade dos nuevos nombres al reparto de &quot;The Strain&quot; (&iquest;?)<\/a>, adaptaci&oacute;n a serie para el canal <strong>FX<\/strong> de la trilog&iacute;a de la oscuridad escrita por el director mexicano y <strong>Chuck Hogan<\/strong>. Los fichajes son los de <strong>Jonathan Hyde<\/strong> y <strong>Richard Sammel<\/strong>. El primero lo recordar&eacute;is por encarnar al <strong>Parrish<\/strong> padre y el cazador <strong>Van Pelt<\/strong> en <strong>Jumanji<\/strong> (1995) o alg&uacute;n otro papel secundario en diversas producciones de esas que hemos visto todos. Sobre <strong>Sammel<\/strong>, su rostro os sonar&aacute; por ser el nazi que se enfrentaba al <strong>Sargento Donny &quot;Oso Jud&iacute;o&quot; Donowitz<\/strong> (<strong>Eli Roth<\/strong>) en <strong>Malditos bastardos<\/strong> (<em>Inglourious Basterds<\/em>, 2010) y que acaba con el cr&aacute;neo machacado al negarse a desvelar nada. <strong>Hyde<\/strong> ser&aacute; <strong>Eldritch Palmer<\/strong>, personaje importante en la saga literaria y que no tiene que ver con <strong>&quot;Los tres estigmas de Palmer Eldritch&quot;<\/strong>&#8230; novela del gran <strong>Philip K. Dick<\/strong>. <strong>Sammel<\/strong> ser&aacute; <strong>Thomas Eichorst<\/strong>, un misterioso personaje del pasado del profesor <strong>Abraham Setrakian<\/strong>, uno de los  protagonistas que todav&iacute;a est&aacute; por cerrar. Recordemos que por ahora est&aacute;n cerrados <strong>Corey Stoll<\/strong>, <strong>Mia Maestro<\/strong> y <strong>Kevin Durand<\/strong>. Y ahora una de esas noticias que nos dejar&aacute;n perplejos y con clara sensaci&oacute;n de WTF&#8230;<\/p>\n<div class=\"twittercentrado\">\n<blockquote class=\"twitter-tweet\" lang=\"es\">\n<p>@<a href=\"https:\/\/twitter.com\/bryansinger\" target=\"_blank\">bryansinger<\/a> Why&#8217;d you delete your other tweet? I thought it was funny! <a href=\"http:\/\/t.co\/r45CEBvEkl\" title=\"http:\/\/twitter.com\/kcresto\/status\/337732204354498560\/photo\/1\">twitter.com\/kcresto\/status\u2026<\/a><\/p>\n<p>&mdash; Katherine Cresto (@kcresto) <a href=\"https:\/\/twitter.com\/kcresto\/status\/337732204354498560\" target=\"_blank\">24 de mayo de 2013<\/a><\/p><\/blockquote>\n<p><script src=\"\/\/platform.twitter.com\/widgets.js\" charset=\"utf-8\" type=\"text\/javascript\"><\/script><\/div>\n<p>Eso que leeis arriba y que cuenta <strong>Bryan Singer<\/strong> es que veremos a <strong>Mercurio<\/strong> en <strong>X-Men: Days of Future Past<\/strong> (2014). <strong>Evan Peters<\/strong> ha sido contratado para encarnar al hijo de <strong>Magneto<\/strong> (<strong>Ian McKellen<\/strong>) en este nuevo film de los mutantes de <strong>Marvel<\/strong> en casa <strong>20th Century Fox<\/strong>. Lo curioso es que <strong>Singer<\/strong> se regodea con el dato de que &quot;<em>antes de ser un Vengador, fue un chico realmente r&aacute;pido<\/em>&quot;. &iquest;Y ahora qu&eacute;? &iquest;Tenemos que entender que <strong>Evan Peters<\/strong> ser&aacute; tambi&eacute;n el <strong>Mercurio<\/strong> de <strong>The Avengers<\/strong> 2 (2015) de <strong>Joss Whedon<\/strong>? &iquest;Podemos esperar un <em>crossover<\/em> <strong>Marvel Disney<\/strong> vs. <strong>Marvel Fox<\/strong>? &iquest;Supone esto un golpe de efecto que acaba con parte del gui&oacute;n de <strong>Whedon<\/strong> para el retorno de <strong>Los Vengadores<\/strong>? Pues sabe dios.<\/p>\n<p class=\"centrado\"><a href=\"https:\/\/uruloki.org\/felipeblog\/images2013-1\/20130523-theconjuring-xl.jpg\" target=\"_blank\" onclick=\"return false;\" rel=\"shadowbox\"><img loading=\"lazy\" decoding=\"async\" src=\"https:\/\/uruloki.org\/felipeblog\/images2013-1\/20130523-theconjuring.jpg\" alt=\"El nuevo cartel de Expediente Warren: the conjuring te mete el miedo en el cuerpo\" width=\"550\" height=\"813\" border=\"0\" \/><\/a><br \/><em>El nuevo cartel de Expediente Warren: the conjuring te mete el miedo en el cuerpo <a href=\"http:\/\/www.joblo.com\/horror-movies\/news\/creepy-new-international-poster-for-the-conjuring\" target=\"_blank\">v&iacute;a Arrow in the Head<\/a><\/em><\/p>\n<p>Vayamos con m&aacute;s noticias, como por ejemplo <a href=\"http:\/\/www.hollywoodreporter.com\/heat-vision\/universal-plans-timecop-reboot-533478\" target=\"_blank\">esta que nos cuenta en Heat Vision<\/a> y que da la luz verde al remake de <strong>Timecop<\/strong> (1994), o readaptaci&oacute;n del conocido c&oacute;mic publicado  por <strong>Dark Horse Comics<\/strong>. <strong>Universal Pictures<\/strong> se ha liado la manta a la cabeza y ha puesto a <strong>Marc Shmuger<\/strong> y <strong>Tom McNulty<\/strong> al frente de la producci&oacute;n del nuevo film que sustituir&aacute; aquel que protagonizara <strong>Jean-Claude Van Damme<\/strong>. En el <strong>Timecop<\/strong> de <strong>Van Damme<\/strong> se contaba como en un futuro cercano se creaba una unidad de polic&iacute;as del tiempo que se hac&iacute;an cargo de capturar a tipos peligrosos que trataban de buscar el &eacute;xito en otros momentos temporales. En el film un pol&iacute;tico pele&oacute;n, encarnado por <strong>Ron Silver<\/strong>, era el objetivo de <strong>Van Damme<\/strong> cuando descubr&iacute;a que era corrupto am&eacute;n de otras cosas. La idea de <strong>Universal<\/strong> es lograr un <em>reboot<\/em> que reimagine la idea desde cero para ofrecer algo fiel a la obra comiquera pero innovadora respecto al film de los noventa. Se dice que <strong>Van Damme<\/strong> tiene, por ahora, implicaci&oacute;n cero. <a href=\"http:\/\/www.deadline.com\/2013\/05\/david-slade-to-direct-syfy-drama-helix\/\" target=\"_blank\">Igualmente interesante es la noticia aparecida en Deadline<\/a> donde se indica que <strong>David Slade<\/strong>, tras sorprendernos con el piloto de <strong>&quot;Hannibal&quot;<\/strong> (2013-&iquest;?) ha sido contratado por <strong>SyFy<\/strong> \/ <strong>Sony TV<\/strong> para ponerse a los mandos del tambi&eacute;n episodio debut de<strong> &quot;Helix&quot;<\/strong> (&iquest;?), esa serie de ciencia ficci&oacute;n modo <strong>La cosa<\/strong> (<em>The Thing<\/em>, 1982) creada por <strong>Ronald D. Moore<\/strong>. La trama de <strong>&quot;Helix&quot;<\/strong>, hay un <em>teaser<\/em> por ah&iacute;, cuenta como un grupo de cient&iacute;ficos investigan una posible infecci&oacute;n surgida en el &aacute;rtico y que puede suponer el fin de la humanidad.<\/p>\n<div class=\"video\"><iframe loading=\"lazy\" width=\"625\" height=\"380\" src=\"http:\/\/www.youtube.com\/embed\/NiOXG8dVib4\"><\/iframe><\/div>\n","protected":false},"excerpt":{"rendered":"<p>Bueno, con mejor cara que ayer, no hay nada como hablar con un especialista para quitar el medio del cuerpo, y regreso con &aacute;nimo al blog con idea de recuperar las noticias del d&iacute;a tras dejaros con ese impactante nuevo trailer de Maniac y los tres nuevos clips m&aacute;s p&oacute;ster de Guerra Mundial Z. Antes [&hellip;]<\/p>\n","protected":false},"author":28,"featured_media":0,"comment_status":"open","ping_status":"open","sticky":false,"template":"","format":"standard","meta":{"footnotes":""},"categories":[10,8,9,26],"tags":[2485,1352,1896,1767,868,2563,2225],"class_list":["post-10339","post","type-post","status-publish","format-standard","hentry","category-cine-de-comics","category-cine-de-ciencia-ficcion","category-cine-de-terror","category-gdt","tag-helix","tag-pacific-rim","tag-the-avengers-2","tag-the-conjuring","tag-the-strain","tag-timecop","tag-x-men-days-of-future-past"],"yoast_head":"<!-- This site is optimized with the Yoast SEO plugin v24.3 - https:\/\/yoast.com\/wordpress\/plugins\/seo\/ -->\n<title>Un nuevo banner de Pacific Rim no nos calma del hecho de que se retrase el estreno del film un mes en Espa&ntilde;a, el reparto de &quot;The Strain&quot; de Guillermo del Toro crece con dos nuevos conocidos rostros, Bryan Singer anuncia que Mercurio estar&aacute; en X-Men: Days of Future Past y &iquest;qu&eacute; pasa ahora con The Avengers 2?, atenci&oacute;n al nuevo cartel de Expediente Warren: the conjuring, habemus remake \/ reboot de Timecop y David Slade se har&aacute; cargo del piloto de &quot;Helix&quot; de Ronald D. Moore... - Uruloki :: Blog<\/title>\n<meta name=\"robots\" content=\"index, follow, max-snippet:-1, max-image-preview:large, max-video-preview:-1\" \/>\n<link rel=\"canonical\" href=\"https:\/\/www.uruloki.org\/felipeblog\/cine-de-ciencia-ficcion\/un-nuevo-banner-de-pacific-rim-no-nos-calma-el-hecho-de-que-se-retrase-el-estreno-del-film-un-mes-en-espaa-el-reparto-de-the-strain-de-guillermo-del-toro-crece-con-dos-nuevos-cono\" \/>\n<meta property=\"og:locale\" content=\"es_ES\" \/>\n<meta property=\"og:type\" content=\"article\" \/>\n<meta property=\"og:title\" content=\"Un nuevo banner de Pacific Rim no nos calma del hecho de que se retrase el estreno del film un mes en Espa&ntilde;a, el reparto de &quot;The Strain&quot; de Guillermo del Toro crece con dos nuevos conocidos rostros, Bryan Singer anuncia que Mercurio estar&aacute; en X-Men: Days of Future Past y &iquest;qu&eacute; pasa ahora con The Avengers 2?, atenci&oacute;n al nuevo cartel de Expediente Warren: the conjuring, habemus remake \/ reboot de Timecop y David Slade se har&aacute; cargo del piloto de &quot;Helix&quot; de Ronald D. Moore... - Uruloki :: Blog\" \/>\n<meta property=\"og:description\" content=\"Bueno, con mejor cara que ayer, no hay nada como hablar con un especialista para quitar el medio del cuerpo, y regreso con &aacute;nimo al blog con idea de recuperar las noticias del d&iacute;a tras dejaros con ese impactante nuevo trailer de Maniac y los tres nuevos clips m&aacute;s p&oacute;ster de Guerra Mundial Z. Antes [&hellip;]\" \/>\n<meta property=\"og:url\" content=\"https:\/\/www.uruloki.org\/felipeblog\/cine-de-ciencia-ficcion\/un-nuevo-banner-de-pacific-rim-no-nos-calma-el-hecho-de-que-se-retrase-el-estreno-del-film-un-mes-en-espaa-el-reparto-de-the-strain-de-guillermo-del-toro-crece-con-dos-nuevos-cono\" \/>\n<meta property=\"og:site_name\" content=\"Uruloki :: Blog\" \/>\n<meta property=\"article:publisher\" content=\"https:\/\/www.facebook.com\/uruloki.org\" \/>\n<meta property=\"article:published_time\" content=\"2013-05-23T21:44:40+00:00\" \/>\n<meta property=\"article:modified_time\" content=\"2013-05-24T16:34:41+00:00\" \/>\n<meta property=\"og:image\" content=\"https:\/\/uruloki.org\/felipeblog\/images2013-1\/20130523-pacificrim.jpg\" \/>\n<meta name=\"author\" content=\"Uruloki\" \/>\n<meta name=\"twitter:card\" content=\"summary_large_image\" \/>\n<meta name=\"twitter:creator\" content=\"@uruloki\" \/>\n<meta name=\"twitter:site\" content=\"@uruloki\" \/>\n<meta name=\"twitter:label1\" content=\"Escrito por\" \/>\n\t<meta name=\"twitter:data1\" content=\"Uruloki\" \/>\n\t<meta name=\"twitter:label2\" content=\"Tiempo de lectura\" \/>\n\t<meta name=\"twitter:data2\" content=\"5 minutos\" \/>\n<script type=\"application\/ld+json\" class=\"yoast-schema-graph\">{\"@context\":\"https:\/\/schema.org\",\"@graph\":[{\"@type\":\"WebPage\",\"@id\":\"https:\/\/www.uruloki.org\/felipeblog\/cine-de-ciencia-ficcion\/un-nuevo-banner-de-pacific-rim-no-nos-calma-el-hecho-de-que-se-retrase-el-estreno-del-film-un-mes-en-espaa-el-reparto-de-the-strain-de-guillermo-del-toro-crece-con-dos-nuevos-cono\",\"url\":\"https:\/\/www.uruloki.org\/felipeblog\/cine-de-ciencia-ficcion\/un-nuevo-banner-de-pacific-rim-no-nos-calma-el-hecho-de-que-se-retrase-el-estreno-del-film-un-mes-en-espaa-el-reparto-de-the-strain-de-guillermo-del-toro-crece-con-dos-nuevos-cono\",\"name\":\"Un nuevo banner de Pacific Rim no nos calma del hecho de que se retrase el estreno del film un mes en Espa&ntilde;a, el reparto de &quot;The Strain&quot; de Guillermo del Toro crece con dos nuevos conocidos rostros, Bryan Singer anuncia que Mercurio estar&aacute; en X-Men: Days of Future Past y &iquest;qu&eacute; pasa ahora con The Avengers 2?, atenci&oacute;n al nuevo cartel de Expediente Warren: the conjuring, habemus remake \/ reboot de Timecop y David Slade se har&aacute; cargo del piloto de &quot;Helix&quot; de Ronald D. Moore... - Uruloki :: Blog\",\"isPartOf\":{\"@id\":\"https:\/\/www.uruloki.org\/felipeblog\/#website\"},\"primaryImageOfPage\":{\"@id\":\"https:\/\/www.uruloki.org\/felipeblog\/cine-de-ciencia-ficcion\/un-nuevo-banner-de-pacific-rim-no-nos-calma-el-hecho-de-que-se-retrase-el-estreno-del-film-un-mes-en-espaa-el-reparto-de-the-strain-de-guillermo-del-toro-crece-con-dos-nuevos-cono#primaryimage\"},\"image\":{\"@id\":\"https:\/\/www.uruloki.org\/felipeblog\/cine-de-ciencia-ficcion\/un-nuevo-banner-de-pacific-rim-no-nos-calma-el-hecho-de-que-se-retrase-el-estreno-del-film-un-mes-en-espaa-el-reparto-de-the-strain-de-guillermo-del-toro-crece-con-dos-nuevos-cono#primaryimage\"},\"thumbnailUrl\":\"https:\/\/uruloki.org\/felipeblog\/images2013-1\/20130523-pacificrim.jpg\",\"datePublished\":\"2013-05-23T21:44:40+00:00\",\"dateModified\":\"2013-05-24T16:34:41+00:00\",\"author\":{\"@id\":\"https:\/\/www.uruloki.org\/felipeblog\/#\/schema\/person\/ddba06ddaa27edf0c370460d05c51bb3\"},\"breadcrumb\":{\"@id\":\"https:\/\/www.uruloki.org\/felipeblog\/cine-de-ciencia-ficcion\/un-nuevo-banner-de-pacific-rim-no-nos-calma-el-hecho-de-que-se-retrase-el-estreno-del-film-un-mes-en-espaa-el-reparto-de-the-strain-de-guillermo-del-toro-crece-con-dos-nuevos-cono#breadcrumb\"},\"inLanguage\":\"es\",\"potentialAction\":[{\"@type\":\"ReadAction\",\"target\":[\"https:\/\/www.uruloki.org\/felipeblog\/cine-de-ciencia-ficcion\/un-nuevo-banner-de-pacific-rim-no-nos-calma-el-hecho-de-que-se-retrase-el-estreno-del-film-un-mes-en-espaa-el-reparto-de-the-strain-de-guillermo-del-toro-crece-con-dos-nuevos-cono\"]}]},{\"@type\":\"ImageObject\",\"inLanguage\":\"es\",\"@id\":\"https:\/\/www.uruloki.org\/felipeblog\/cine-de-ciencia-ficcion\/un-nuevo-banner-de-pacific-rim-no-nos-calma-el-hecho-de-que-se-retrase-el-estreno-del-film-un-mes-en-espaa-el-reparto-de-the-strain-de-guillermo-del-toro-crece-con-dos-nuevos-cono#primaryimage\",\"url\":\"https:\/\/uruloki.org\/felipeblog\/images2013-1\/20130523-pacificrim.jpg\",\"contentUrl\":\"https:\/\/uruloki.org\/felipeblog\/images2013-1\/20130523-pacificrim.jpg\"},{\"@type\":\"BreadcrumbList\",\"@id\":\"https:\/\/www.uruloki.org\/felipeblog\/cine-de-ciencia-ficcion\/un-nuevo-banner-de-pacific-rim-no-nos-calma-el-hecho-de-que-se-retrase-el-estreno-del-film-un-mes-en-espaa-el-reparto-de-the-strain-de-guillermo-del-toro-crece-con-dos-nuevos-cono#breadcrumb\",\"itemListElement\":[{\"@type\":\"ListItem\",\"position\":1,\"name\":\"Portada\",\"item\":\"https:\/\/www.uruloki.org\/felipeblog\"},{\"@type\":\"ListItem\",\"position\":2,\"name\":\"Un nuevo banner de Pacific Rim no nos calma del hecho de que se retrase el estreno del film un mes en Espa&ntilde;a, el reparto de &quot;The Strain&quot; de Guillermo del Toro crece con dos nuevos conocidos rostros, Bryan Singer anuncia que Mercurio estar&aacute; en X-Men: Days of Future Past y &iquest;qu&eacute; pasa ahora con The Avengers 2?, atenci&oacute;n al nuevo cartel de Expediente Warren: the conjuring, habemus remake \/ reboot de Timecop y David Slade se har&aacute; cargo del piloto de &quot;Helix&quot; de Ronald D. Moore&#8230;\"}]},{\"@type\":\"WebSite\",\"@id\":\"https:\/\/www.uruloki.org\/felipeblog\/#website\",\"url\":\"https:\/\/www.uruloki.org\/felipeblog\/\",\"name\":\"Uruloki :: Blog\",\"description\":\"Blog de cine, terror, ciencia ficci\u00f3n, fantas\u00eda y c\u00f3mics\",\"potentialAction\":[{\"@type\":\"SearchAction\",\"target\":{\"@type\":\"EntryPoint\",\"urlTemplate\":\"https:\/\/www.uruloki.org\/felipeblog\/?s={search_term_string}\"},\"query-input\":{\"@type\":\"PropertyValueSpecification\",\"valueRequired\":true,\"valueName\":\"search_term_string\"}}],\"inLanguage\":\"es\"},{\"@type\":\"Person\",\"@id\":\"https:\/\/www.uruloki.org\/felipeblog\/#\/schema\/person\/ddba06ddaa27edf0c370460d05c51bb3\",\"name\":\"Uruloki\",\"image\":{\"@type\":\"ImageObject\",\"inLanguage\":\"es\",\"@id\":\"https:\/\/www.uruloki.org\/felipeblog\/#\/schema\/person\/image\/\",\"url\":\"https:\/\/secure.gravatar.com\/avatar\/68d5301c5f52ba88fd63f02c75b8c4d1b3c3fc4b21e2998a1e98c4b3a54d9f7c?s=96&d=mm&r=g\",\"contentUrl\":\"https:\/\/secure.gravatar.com\/avatar\/68d5301c5f52ba88fd63f02c75b8c4d1b3c3fc4b21e2998a1e98c4b3a54d9f7c?s=96&d=mm&r=g\",\"caption\":\"Uruloki\"},\"sameAs\":[\"https:\/\/uruloki.org\"],\"url\":\"https:\/\/www.uruloki.org\/felipeblog\/author\/admin-2-2-2\"}]}<\/script>\n<!-- \/ Yoast SEO plugin. -->","yoast_head_json":{"title":"Un nuevo banner de Pacific Rim no nos calma del hecho de que se retrase el estreno del film un mes en Espa&ntilde;a, el reparto de &quot;The Strain&quot; de Guillermo del Toro crece con dos nuevos conocidos rostros, Bryan Singer anuncia que Mercurio estar&aacute; en X-Men: Days of Future Past y &iquest;qu&eacute; pasa ahora con The Avengers 2?, atenci&oacute;n al nuevo cartel de Expediente Warren: the conjuring, habemus remake \/ reboot de Timecop y David Slade se har&aacute; cargo del piloto de &quot;Helix&quot; de Ronald D. Moore... - Uruloki :: Blog","robots":{"index":"index","follow":"follow","max-snippet":"max-snippet:-1","max-image-preview":"max-image-preview:large","max-video-preview":"max-video-preview:-1"},"canonical":"https:\/\/www.uruloki.org\/felipeblog\/cine-de-ciencia-ficcion\/un-nuevo-banner-de-pacific-rim-no-nos-calma-el-hecho-de-que-se-retrase-el-estreno-del-film-un-mes-en-espaa-el-reparto-de-the-strain-de-guillermo-del-toro-crece-con-dos-nuevos-cono","og_locale":"es_ES","og_type":"article","og_title":"Un nuevo banner de Pacific Rim no nos calma del hecho de que se retrase el estreno del film un mes en Espa&ntilde;a, el reparto de &quot;The Strain&quot; de Guillermo del Toro crece con dos nuevos conocidos rostros, Bryan Singer anuncia que Mercurio estar&aacute; en X-Men: Days of Future Past y &iquest;qu&eacute; pasa ahora con The Avengers 2?, atenci&oacute;n al nuevo cartel de Expediente Warren: the conjuring, habemus remake \/ reboot de Timecop y David Slade se har&aacute; cargo del piloto de &quot;Helix&quot; de Ronald D. Moore... - Uruloki :: Blog","og_description":"Bueno, con mejor cara que ayer, no hay nada como hablar con un especialista para quitar el medio del cuerpo, y regreso con &aacute;nimo al blog con idea de recuperar las noticias del d&iacute;a tras dejaros con ese impactante nuevo trailer de Maniac y los tres nuevos clips m&aacute;s p&oacute;ster de Guerra Mundial Z. Antes [&hellip;]","og_url":"https:\/\/www.uruloki.org\/felipeblog\/cine-de-ciencia-ficcion\/un-nuevo-banner-de-pacific-rim-no-nos-calma-el-hecho-de-que-se-retrase-el-estreno-del-film-un-mes-en-espaa-el-reparto-de-the-strain-de-guillermo-del-toro-crece-con-dos-nuevos-cono","og_site_name":"Uruloki :: Blog","article_publisher":"https:\/\/www.facebook.com\/uruloki.org","article_published_time":"2013-05-23T21:44:40+00:00","article_modified_time":"2013-05-24T16:34:41+00:00","og_image":[{"url":"https:\/\/uruloki.org\/felipeblog\/images2013-1\/20130523-pacificrim.jpg","type":"","width":"","height":""}],"author":"Uruloki","twitter_card":"summary_large_image","twitter_creator":"@uruloki","twitter_site":"@uruloki","twitter_misc":{"Escrito por":"Uruloki","Tiempo de lectura":"5 minutos"},"schema":{"@context":"https:\/\/schema.org","@graph":[{"@type":"WebPage","@id":"https:\/\/www.uruloki.org\/felipeblog\/cine-de-ciencia-ficcion\/un-nuevo-banner-de-pacific-rim-no-nos-calma-el-hecho-de-que-se-retrase-el-estreno-del-film-un-mes-en-espaa-el-reparto-de-the-strain-de-guillermo-del-toro-crece-con-dos-nuevos-cono","url":"https:\/\/www.uruloki.org\/felipeblog\/cine-de-ciencia-ficcion\/un-nuevo-banner-de-pacific-rim-no-nos-calma-el-hecho-de-que-se-retrase-el-estreno-del-film-un-mes-en-espaa-el-reparto-de-the-strain-de-guillermo-del-toro-crece-con-dos-nuevos-cono","name":"Un nuevo banner de Pacific Rim no nos calma del hecho de que se retrase el estreno del film un mes en Espa&ntilde;a, el reparto de &quot;The Strain&quot; de Guillermo del Toro crece con dos nuevos conocidos rostros, Bryan Singer anuncia que Mercurio estar&aacute; en X-Men: Days of Future Past y &iquest;qu&eacute; pasa ahora con The Avengers 2?, atenci&oacute;n al nuevo cartel de Expediente Warren: the conjuring, habemus remake \/ reboot de Timecop y David Slade se har&aacute; cargo del piloto de &quot;Helix&quot; de Ronald D. Moore... - Uruloki :: Blog","isPartOf":{"@id":"https:\/\/www.uruloki.org\/felipeblog\/#website"},"primaryImageOfPage":{"@id":"https:\/\/www.uruloki.org\/felipeblog\/cine-de-ciencia-ficcion\/un-nuevo-banner-de-pacific-rim-no-nos-calma-el-hecho-de-que-se-retrase-el-estreno-del-film-un-mes-en-espaa-el-reparto-de-the-strain-de-guillermo-del-toro-crece-con-dos-nuevos-cono#primaryimage"},"image":{"@id":"https:\/\/www.uruloki.org\/felipeblog\/cine-de-ciencia-ficcion\/un-nuevo-banner-de-pacific-rim-no-nos-calma-el-hecho-de-que-se-retrase-el-estreno-del-film-un-mes-en-espaa-el-reparto-de-the-strain-de-guillermo-del-toro-crece-con-dos-nuevos-cono#primaryimage"},"thumbnailUrl":"https:\/\/uruloki.org\/felipeblog\/images2013-1\/20130523-pacificrim.jpg","datePublished":"2013-05-23T21:44:40+00:00","dateModified":"2013-05-24T16:34:41+00:00","author":{"@id":"https:\/\/www.uruloki.org\/felipeblog\/#\/schema\/person\/ddba06ddaa27edf0c370460d05c51bb3"},"breadcrumb":{"@id":"https:\/\/www.uruloki.org\/felipeblog\/cine-de-ciencia-ficcion\/un-nuevo-banner-de-pacific-rim-no-nos-calma-el-hecho-de-que-se-retrase-el-estreno-del-film-un-mes-en-espaa-el-reparto-de-the-strain-de-guillermo-del-toro-crece-con-dos-nuevos-cono#breadcrumb"},"inLanguage":"es","potentialAction":[{"@type":"ReadAction","target":["https:\/\/www.uruloki.org\/felipeblog\/cine-de-ciencia-ficcion\/un-nuevo-banner-de-pacific-rim-no-nos-calma-el-hecho-de-que-se-retrase-el-estreno-del-film-un-mes-en-espaa-el-reparto-de-the-strain-de-guillermo-del-toro-crece-con-dos-nuevos-cono"]}]},{"@type":"ImageObject","inLanguage":"es","@id":"https:\/\/www.uruloki.org\/felipeblog\/cine-de-ciencia-ficcion\/un-nuevo-banner-de-pacific-rim-no-nos-calma-el-hecho-de-que-se-retrase-el-estreno-del-film-un-mes-en-espaa-el-reparto-de-the-strain-de-guillermo-del-toro-crece-con-dos-nuevos-cono#primaryimage","url":"https:\/\/uruloki.org\/felipeblog\/images2013-1\/20130523-pacificrim.jpg","contentUrl":"https:\/\/uruloki.org\/felipeblog\/images2013-1\/20130523-pacificrim.jpg"},{"@type":"BreadcrumbList","@id":"https:\/\/www.uruloki.org\/felipeblog\/cine-de-ciencia-ficcion\/un-nuevo-banner-de-pacific-rim-no-nos-calma-el-hecho-de-que-se-retrase-el-estreno-del-film-un-mes-en-espaa-el-reparto-de-the-strain-de-guillermo-del-toro-crece-con-dos-nuevos-cono#breadcrumb","itemListElement":[{"@type":"ListItem","position":1,"name":"Portada","item":"https:\/\/www.uruloki.org\/felipeblog"},{"@type":"ListItem","position":2,"name":"Un nuevo banner de Pacific Rim no nos calma del hecho de que se retrase el estreno del film un mes en Espa&ntilde;a, el reparto de &quot;The Strain&quot; de Guillermo del Toro crece con dos nuevos conocidos rostros, Bryan Singer anuncia que Mercurio estar&aacute; en X-Men: Days of Future Past y &iquest;qu&eacute; pasa ahora con The Avengers 2?, atenci&oacute;n al nuevo cartel de Expediente Warren: the conjuring, habemus remake \/ reboot de Timecop y David Slade se har&aacute; cargo del piloto de &quot;Helix&quot; de Ronald D. Moore&#8230;"}]},{"@type":"WebSite","@id":"https:\/\/www.uruloki.org\/felipeblog\/#website","url":"https:\/\/www.uruloki.org\/felipeblog\/","name":"Uruloki :: Blog","description":"Blog de cine, terror, ciencia ficci\u00f3n, fantas\u00eda y c\u00f3mics","potentialAction":[{"@type":"SearchAction","target":{"@type":"EntryPoint","urlTemplate":"https:\/\/www.uruloki.org\/felipeblog\/?s={search_term_string}"},"query-input":{"@type":"PropertyValueSpecification","valueRequired":true,"valueName":"search_term_string"}}],"inLanguage":"es"},{"@type":"Person","@id":"https:\/\/www.uruloki.org\/felipeblog\/#\/schema\/person\/ddba06ddaa27edf0c370460d05c51bb3","name":"Uruloki","image":{"@type":"ImageObject","inLanguage":"es","@id":"https:\/\/www.uruloki.org\/felipeblog\/#\/schema\/person\/image\/","url":"https:\/\/secure.gravatar.com\/avatar\/68d5301c5f52ba88fd63f02c75b8c4d1b3c3fc4b21e2998a1e98c4b3a54d9f7c?s=96&d=mm&r=g","contentUrl":"https:\/\/secure.gravatar.com\/avatar\/68d5301c5f52ba88fd63f02c75b8c4d1b3c3fc4b21e2998a1e98c4b3a54d9f7c?s=96&d=mm&r=g","caption":"Uruloki"},"sameAs":["https:\/\/uruloki.org"],"url":"https:\/\/www.uruloki.org\/felipeblog\/author\/admin-2-2-2"}]}},"_links":{"self":[{"href":"https:\/\/www.uruloki.org\/felipeblog\/wp-json\/wp\/v2\/posts\/10339","targetHints":{"allow":["GET"]}}],"collection":[{"href":"https:\/\/www.uruloki.org\/felipeblog\/wp-json\/wp\/v2\/posts"}],"about":[{"href":"https:\/\/www.uruloki.org\/felipeblog\/wp-json\/wp\/v2\/types\/post"}],"author":[{"embeddable":true,"href":"https:\/\/www.uruloki.org\/felipeblog\/wp-json\/wp\/v2\/users\/28"}],"replies":[{"embeddable":true,"href":"https:\/\/www.uruloki.org\/felipeblog\/wp-json\/wp\/v2\/comments?post=10339"}],"version-history":[{"count":4,"href":"https:\/\/www.uruloki.org\/felipeblog\/wp-json\/wp\/v2\/posts\/10339\/revisions"}],"predecessor-version":[{"id":10342,"href":"https:\/\/www.uruloki.org\/felipeblog\/wp-json\/wp\/v2\/posts\/10339\/revisions\/10342"}],"wp:attachment":[{"href":"https:\/\/www.uruloki.org\/felipeblog\/wp-json\/wp\/v2\/media?parent=10339"}],"wp:term":[{"taxonomy":"category","embeddable":true,"href":"https:\/\/www.uruloki.org\/felipeblog\/wp-json\/wp\/v2\/categories?post=10339"},{"taxonomy":"post_tag","embeddable":true,"href":"https:\/\/www.uruloki.org\/felipeblog\/wp-json\/wp\/v2\/tags?post=10339"}],"curies":[{"name":"wp","href":"https:\/\/api.w.org\/{rel}","templated":true}]}}